{"id":5789,"date":"2025-06-06T12:30:39","date_gmt":"2025-06-06T10:30:39","guid":{"rendered":"https:\/\/allcars.fr\/?p=5789"},"modified":"2026-02-19T19:22:27","modified_gmt":"2026-02-19T17:22:27","slug":"mercedes-gl-450-47l-bi-turbo-2014-a-louer-2","status":"publish","type":"post","link":"https:\/\/allcars.fr\/?p=5789","title":{"rendered":"TOYOTA FJ CRUISER &#8211; 4,0L &#8211; RWD &#8211; 2007 [A VENDRE\/LOUE]"},"content":{"rendered":"\n<figure class=\"wp-block-gallery has-nested-images columns-default is-cropped wp-block-gallery-1 is-layout-flex wp-block-gallery-is-layout-flex\">\n<figure class=\"wp-block-image size-large\"><a href=\"https:\/\/allcars.fr\/wp-content\/uploads\/2025\/11\/20251111_090151-scaled.jpg\"><img loading=\"lazy\" decoding=\"async\" width=\"1024\" height=\"768\" data-id=\"5819\" src=\"https:\/\/allcars.fr\/wp-content\/uploads\/2025\/11\/20251111_090151-1024x768.jpg\" alt=\"\" class=\"wp-image-5819\" srcset=\"https:\/\/allcars.fr\/wp-content\/uploads\/2025\/11\/20251111_090151-1024x768.jpg 1024w, https:\/\/allcars.fr\/wp-content\/uploads\/2025\/11\/20251111_090151-300x225.jpg 300w, https:\/\/allcars.fr\/wp-content\/uploads\/2025\/11\/20251111_090151-768x576.jpg 768w, https:\/\/allcars.fr\/wp-content\/uploads\/2025\/11\/20251111_090151-1536x1152.jpg 1536w, https:\/\/allcars.fr\/wp-content\/uploads\/2025\/11\/20251111_090151-2048x1536.jpg 2048w\" sizes=\"auto, (max-width: 1024px) 100vw, 1024px\" \/><\/a><\/figure>\n\n\n\n<figure class=\"wp-block-image size-large\"><a href=\"https:\/\/allcars.fr\/wp-content\/uploads\/2025\/11\/20251111_090154-scaled.jpg\"><img loading=\"lazy\" decoding=\"async\" width=\"1024\" height=\"768\" data-id=\"5820\" src=\"https:\/\/allcars.fr\/wp-content\/uploads\/2025\/11\/20251111_090154-1024x768.jpg\" alt=\"\" class=\"wp-image-5820\" srcset=\"https:\/\/allcars.fr\/wp-content\/uploads\/2025\/11\/20251111_090154-1024x768.jpg 1024w, https:\/\/allcars.fr\/wp-content\/uploads\/2025\/11\/20251111_090154-300x225.jpg 300w, https:\/\/allcars.fr\/wp-content\/uploads\/2025\/11\/20251111_090154-768x576.jpg 768w, https:\/\/allcars.fr\/wp-content\/uploads\/2025\/11\/20251111_090154-1536x1152.jpg 1536w, https:\/\/allcars.fr\/wp-content\/uploads\/2025\/11\/20251111_090154-2048x1536.jpg 2048w\" sizes=\"auto, (max-width: 1024px) 100vw, 1024px\" \/><\/a><\/figure>\n\n\n\n<figure class=\"wp-block-image size-large\"><a href=\"https:\/\/allcars.fr\/wp-content\/uploads\/2025\/11\/20251111_090202-scaled.jpg\"><img loading=\"lazy\" decoding=\"async\" width=\"1024\" height=\"768\" data-id=\"5821\" src=\"https:\/\/allcars.fr\/wp-content\/uploads\/2025\/11\/20251111_090202-1024x768.jpg\" alt=\"\" class=\"wp-image-5821\" srcset=\"https:\/\/allcars.fr\/wp-content\/uploads\/2025\/11\/20251111_090202-1024x768.jpg 1024w, https:\/\/allcars.fr\/wp-content\/uploads\/2025\/11\/20251111_090202-300x225.jpg 300w, https:\/\/allcars.fr\/wp-content\/uploads\/2025\/11\/20251111_090202-768x576.jpg 768w, https:\/\/allcars.fr\/wp-content\/uploads\/2025\/11\/20251111_090202-1536x1152.jpg 1536w, https:\/\/allcars.fr\/wp-content\/uploads\/2025\/11\/20251111_090202-2048x1536.jpg 2048w\" sizes=\"auto, (max-width: 1024px) 100vw, 1024px\" \/><\/a><\/figure>\n\n\n\n<figure class=\"wp-block-image size-large\"><a href=\"https:\/\/allcars.fr\/wp-content\/uploads\/2025\/11\/20251111_090210-scaled.jpg\"><img loading=\"lazy\" decoding=\"async\" width=\"1024\" height=\"768\" data-id=\"5822\" src=\"https:\/\/allcars.fr\/wp-content\/uploads\/2025\/11\/20251111_090210-1024x768.jpg\" alt=\"\" class=\"wp-image-5822\" srcset=\"https:\/\/allcars.fr\/wp-content\/uploads\/2025\/11\/20251111_090210-1024x768.jpg 1024w, https:\/\/allcars.fr\/wp-content\/uploads\/2025\/11\/20251111_090210-300x225.jpg 300w, https:\/\/allcars.fr\/wp-content\/uploads\/2025\/11\/20251111_090210-768x576.jpg 768w, https:\/\/allcars.fr\/wp-content\/uploads\/2025\/11\/20251111_090210-1536x1152.jpg 1536w, https:\/\/allcars.fr\/wp-content\/uploads\/2025\/11\/20251111_090210-2048x1536.jpg 2048w\" sizes=\"auto, (max-width: 1024px) 100vw, 1024px\" \/><\/a><\/figure>\n\n\n\n<figure class=\"wp-block-image size-large\"><a href=\"https:\/\/allcars.fr\/wp-content\/uploads\/2025\/11\/20251111_090502-scaled.jpg\"><img loading=\"lazy\" decoding=\"async\" width=\"1024\" height=\"768\" data-id=\"5833\" src=\"https:\/\/allcars.fr\/wp-content\/uploads\/2025\/11\/20251111_090502-1024x768.jpg\" alt=\"\" class=\"wp-image-5833\" srcset=\"https:\/\/allcars.fr\/wp-content\/uploads\/2025\/11\/20251111_090502-1024x768.jpg 1024w, https:\/\/allcars.fr\/wp-content\/uploads\/2025\/11\/20251111_090502-300x225.jpg 300w, https:\/\/allcars.fr\/wp-content\/uploads\/2025\/11\/20251111_090502-768x576.jpg 768w, https:\/\/allcars.fr\/wp-content\/uploads\/2025\/11\/20251111_090502-1536x1152.jpg 1536w, https:\/\/allcars.fr\/wp-content\/uploads\/2025\/11\/20251111_090502-2048x1536.jpg 2048w\" sizes=\"auto, (max-width: 1024px) 100vw, 1024px\" \/><\/a><\/figure>\n\n\n\n<figure class=\"wp-block-image size-large\"><a href=\"https:\/\/allcars.fr\/wp-content\/uploads\/2025\/11\/20251111_090216-scaled.jpg\"><img loading=\"lazy\" decoding=\"async\" width=\"1024\" height=\"768\" data-id=\"5823\" src=\"https:\/\/allcars.fr\/wp-content\/uploads\/2025\/11\/20251111_090216-1024x768.jpg\" alt=\"\" class=\"wp-image-5823\" srcset=\"https:\/\/allcars.fr\/wp-content\/uploads\/2025\/11\/20251111_090216-1024x768.jpg 1024w, https:\/\/allcars.fr\/wp-content\/uploads\/2025\/11\/20251111_090216-300x225.jpg 300w, https:\/\/allcars.fr\/wp-content\/uploads\/2025\/11\/20251111_090216-768x576.jpg 768w, https:\/\/allcars.fr\/wp-content\/uploads\/2025\/11\/20251111_090216-1536x1152.jpg 1536w, https:\/\/allcars.fr\/wp-content\/uploads\/2025\/11\/20251111_090216-2048x1536.jpg 2048w\" sizes=\"auto, (max-width: 1024px) 100vw, 1024px\" \/><\/a><\/figure>\n\n\n\n<figure class=\"wp-block-image size-large\"><a href=\"https:\/\/allcars.fr\/wp-content\/uploads\/2025\/11\/20251111_090224-scaled.jpg\"><img loading=\"lazy\" decoding=\"async\" width=\"1024\" height=\"768\" data-id=\"5824\" src=\"https:\/\/allcars.fr\/wp-content\/uploads\/2025\/11\/20251111_090224-1024x768.jpg\" alt=\"\" class=\"wp-image-5824\" srcset=\"https:\/\/allcars.fr\/wp-content\/uploads\/2025\/11\/20251111_090224-1024x768.jpg 1024w, https:\/\/allcars.fr\/wp-content\/uploads\/2025\/11\/20251111_090224-300x225.jpg 300w, https:\/\/allcars.fr\/wp-content\/uploads\/2025\/11\/20251111_090224-768x576.jpg 768w, https:\/\/allcars.fr\/wp-content\/uploads\/2025\/11\/20251111_090224-1536x1152.jpg 1536w, https:\/\/allcars.fr\/wp-content\/uploads\/2025\/11\/20251111_090224-2048x1536.jpg 2048w\" sizes=\"auto, (max-width: 1024px) 100vw, 1024px\" \/><\/a><\/figure>\n\n\n\n<figure class=\"wp-block-image size-large\"><a href=\"https:\/\/allcars.fr\/wp-content\/uploads\/2025\/11\/20251111_090230-scaled.jpg\"><img loading=\"lazy\" decoding=\"async\" width=\"1024\" height=\"768\" data-id=\"5825\" src=\"https:\/\/allcars.fr\/wp-content\/uploads\/2025\/11\/20251111_090230-1024x768.jpg\" alt=\"\" class=\"wp-image-5825\" srcset=\"https:\/\/allcars.fr\/wp-content\/uploads\/2025\/11\/20251111_090230-1024x768.jpg 1024w, https:\/\/allcars.fr\/wp-content\/uploads\/2025\/11\/20251111_090230-300x225.jpg 300w, https:\/\/allcars.fr\/wp-content\/uploads\/2025\/11\/20251111_090230-768x576.jpg 768w, https:\/\/allcars.fr\/wp-content\/uploads\/2025\/11\/20251111_090230-1536x1152.jpg 1536w, https:\/\/allcars.fr\/wp-content\/uploads\/2025\/11\/20251111_090230-2048x1536.jpg 2048w\" sizes=\"auto, (max-width: 1024px) 100vw, 1024px\" \/><\/a><\/figure>\n\n\n\n<figure class=\"wp-block-image size-large\"><a href=\"https:\/\/allcars.fr\/wp-content\/uploads\/2025\/11\/20251111_090240-scaled.jpg\"><img loading=\"lazy\" decoding=\"async\" width=\"1024\" height=\"768\" data-id=\"5826\" src=\"https:\/\/allcars.fr\/wp-content\/uploads\/2025\/11\/20251111_090240-1024x768.jpg\" alt=\"\" class=\"wp-image-5826\" srcset=\"https:\/\/allcars.fr\/wp-content\/uploads\/2025\/11\/20251111_090240-1024x768.jpg 1024w, https:\/\/allcars.fr\/wp-content\/uploads\/2025\/11\/20251111_090240-300x225.jpg 300w, https:\/\/allcars.fr\/wp-content\/uploads\/2025\/11\/20251111_090240-768x576.jpg 768w, https:\/\/allcars.fr\/wp-content\/uploads\/2025\/11\/20251111_090240-1536x1152.jpg 1536w, https:\/\/allcars.fr\/wp-content\/uploads\/2025\/11\/20251111_090240-2048x1536.jpg 2048w\" sizes=\"auto, (max-width: 1024px) 100vw, 1024px\" \/><\/a><\/figure>\n\n\n\n<figure class=\"wp-block-image size-large\"><a href=\"https:\/\/allcars.fr\/wp-content\/uploads\/2025\/11\/20251111_090314-scaled.jpg\"><img loading=\"lazy\" decoding=\"async\" width=\"1024\" height=\"768\" data-id=\"5828\" src=\"https:\/\/allcars.fr\/wp-content\/uploads\/2025\/11\/20251111_090314-1024x768.jpg\" alt=\"\" class=\"wp-image-5828\" srcset=\"https:\/\/allcars.fr\/wp-content\/uploads\/2025\/11\/20251111_090314-1024x768.jpg 1024w, https:\/\/allcars.fr\/wp-content\/uploads\/2025\/11\/20251111_090314-300x225.jpg 300w, https:\/\/allcars.fr\/wp-content\/uploads\/2025\/11\/20251111_090314-768x576.jpg 768w, https:\/\/allcars.fr\/wp-content\/uploads\/2025\/11\/20251111_090314-1536x1152.jpg 1536w, https:\/\/allcars.fr\/wp-content\/uploads\/2025\/11\/20251111_090314-2048x1536.jpg 2048w\" sizes=\"auto, (max-width: 1024px) 100vw, 1024px\" \/><\/a><\/figure>\n\n\n\n<figure class=\"wp-block-image size-large\"><a href=\"https:\/\/allcars.fr\/wp-content\/uploads\/2025\/11\/20251111_090247-scaled.jpg\"><img loading=\"lazy\" decoding=\"async\" width=\"1024\" height=\"768\" data-id=\"5827\" src=\"https:\/\/allcars.fr\/wp-content\/uploads\/2025\/11\/20251111_090247-1024x768.jpg\" alt=\"\" class=\"wp-image-5827\" srcset=\"https:\/\/allcars.fr\/wp-content\/uploads\/2025\/11\/20251111_090247-1024x768.jpg 1024w, https:\/\/allcars.fr\/wp-content\/uploads\/2025\/11\/20251111_090247-300x225.jpg 300w, https:\/\/allcars.fr\/wp-content\/uploads\/2025\/11\/20251111_090247-768x576.jpg 768w, https:\/\/allcars.fr\/wp-content\/uploads\/2025\/11\/20251111_090247-1536x1152.jpg 1536w, https:\/\/allcars.fr\/wp-content\/uploads\/2025\/11\/20251111_090247-2048x1536.jpg 2048w\" sizes=\"auto, (max-width: 1024px) 100vw, 1024px\" \/><\/a><\/figure>\n\n\n\n<figure class=\"wp-block-image size-large\"><a href=\"https:\/\/allcars.fr\/wp-content\/uploads\/2025\/11\/20251111_090400-scaled.jpg\"><img loading=\"lazy\" decoding=\"async\" width=\"1024\" height=\"768\" data-id=\"5831\" src=\"https:\/\/allcars.fr\/wp-content\/uploads\/2025\/11\/20251111_090400-1024x768.jpg\" alt=\"\" class=\"wp-image-5831\" srcset=\"https:\/\/allcars.fr\/wp-content\/uploads\/2025\/11\/20251111_090400-1024x768.jpg 1024w, https:\/\/allcars.fr\/wp-content\/uploads\/2025\/11\/20251111_090400-300x225.jpg 300w, https:\/\/allcars.fr\/wp-content\/uploads\/2025\/11\/20251111_090400-768x576.jpg 768w, https:\/\/allcars.fr\/wp-content\/uploads\/2025\/11\/20251111_090400-1536x1152.jpg 1536w, https:\/\/allcars.fr\/wp-content\/uploads\/2025\/11\/20251111_090400-2048x1536.jpg 2048w\" sizes=\"auto, (max-width: 1024px) 100vw, 1024px\" \/><\/a><\/figure>\n\n\n\n<figure class=\"wp-block-image size-large\"><a href=\"https:\/\/allcars.fr\/wp-content\/uploads\/2025\/11\/20251111_090431-scaled.jpg\"><img loading=\"lazy\" decoding=\"async\" width=\"1024\" height=\"768\" data-id=\"5832\" src=\"https:\/\/allcars.fr\/wp-content\/uploads\/2025\/11\/20251111_090431-1024x768.jpg\" alt=\"\" class=\"wp-image-5832\" srcset=\"https:\/\/allcars.fr\/wp-content\/uploads\/2025\/11\/20251111_090431-1024x768.jpg 1024w, https:\/\/allcars.fr\/wp-content\/uploads\/2025\/11\/20251111_090431-300x225.jpg 300w, https:\/\/allcars.fr\/wp-content\/uploads\/2025\/11\/20251111_090431-768x576.jpg 768w, https:\/\/allcars.fr\/wp-content\/uploads\/2025\/11\/20251111_090431-1536x1152.jpg 1536w, https:\/\/allcars.fr\/wp-content\/uploads\/2025\/11\/20251111_090431-2048x1536.jpg 2048w\" sizes=\"auto, (max-width: 1024px) 100vw, 1024px\" \/><\/a><\/figure>\n\n\n\n<figure class=\"wp-block-image size-large\"><a href=\"https:\/\/allcars.fr\/wp-content\/uploads\/2025\/11\/20251111_090328-scaled.jpg\"><img loading=\"lazy\" decoding=\"async\" width=\"1024\" height=\"768\" data-id=\"5829\" src=\"https:\/\/allcars.fr\/wp-content\/uploads\/2025\/11\/20251111_090328-1024x768.jpg\" alt=\"\" class=\"wp-image-5829\" srcset=\"https:\/\/allcars.fr\/wp-content\/uploads\/2025\/11\/20251111_090328-1024x768.jpg 1024w, https:\/\/allcars.fr\/wp-content\/uploads\/2025\/11\/20251111_090328-300x225.jpg 300w, https:\/\/allcars.fr\/wp-content\/uploads\/2025\/11\/20251111_090328-768x576.jpg 768w, https:\/\/allcars.fr\/wp-content\/uploads\/2025\/11\/20251111_090328-1536x1152.jpg 1536w, https:\/\/allcars.fr\/wp-content\/uploads\/2025\/11\/20251111_090328-2048x1536.jpg 2048w\" sizes=\"auto, (max-width: 1024px) 100vw, 1024px\" \/><\/a><\/figure>\n\n\n\n<figure class=\"wp-block-image size-large\"><a href=\"https:\/\/allcars.fr\/wp-content\/uploads\/2025\/11\/20251111_090337-scaled.jpg\"><img loading=\"lazy\" decoding=\"async\" width=\"1024\" height=\"768\" data-id=\"5830\" src=\"https:\/\/allcars.fr\/wp-content\/uploads\/2025\/11\/20251111_090337-1024x768.jpg\" alt=\"\" class=\"wp-image-5830\" srcset=\"https:\/\/allcars.fr\/wp-content\/uploads\/2025\/11\/20251111_090337-1024x768.jpg 1024w, https:\/\/allcars.fr\/wp-content\/uploads\/2025\/11\/20251111_090337-300x225.jpg 300w, https:\/\/allcars.fr\/wp-content\/uploads\/2025\/11\/20251111_090337-768x576.jpg 768w, https:\/\/allcars.fr\/wp-content\/uploads\/2025\/11\/20251111_090337-1536x1152.jpg 1536w, https:\/\/allcars.fr\/wp-content\/uploads\/2025\/11\/20251111_090337-2048x1536.jpg 2048w\" sizes=\"auto, (max-width: 1024px) 100vw, 1024px\" \/><\/a><\/figure>\n\n\n\n<figure class=\"wp-block-image size-large\"><a href=\"https:\/\/allcars.fr\/wp-content\/uploads\/2025\/11\/20251111_090555-scaled.jpg\"><img loading=\"lazy\" decoding=\"async\" width=\"1024\" height=\"768\" data-id=\"5835\" src=\"https:\/\/allcars.fr\/wp-content\/uploads\/2025\/11\/20251111_090555-1024x768.jpg\" alt=\"\" class=\"wp-image-5835\" srcset=\"https:\/\/allcars.fr\/wp-content\/uploads\/2025\/11\/20251111_090555-1024x768.jpg 1024w, https:\/\/allcars.fr\/wp-content\/uploads\/2025\/11\/20251111_090555-300x225.jpg 300w, https:\/\/allcars.fr\/wp-content\/uploads\/2025\/11\/20251111_090555-768x576.jpg 768w, https:\/\/allcars.fr\/wp-content\/uploads\/2025\/11\/20251111_090555-1536x1152.jpg 1536w, https:\/\/allcars.fr\/wp-content\/uploads\/2025\/11\/20251111_090555-2048x1536.jpg 2048w\" sizes=\"auto, (max-width: 1024px) 100vw, 1024px\" \/><\/a><\/figure>\n\n\n\n<figure class=\"wp-block-image size-large\"><a href=\"https:\/\/allcars.fr\/wp-content\/uploads\/2025\/11\/20251111_090545-scaled.jpg\"><img loading=\"lazy\" decoding=\"async\" width=\"1024\" height=\"768\" data-id=\"5834\" src=\"https:\/\/allcars.fr\/wp-content\/uploads\/2025\/11\/20251111_090545-1024x768.jpg\" alt=\"\" class=\"wp-image-5834\" srcset=\"https:\/\/allcars.fr\/wp-content\/uploads\/2025\/11\/20251111_090545-1024x768.jpg 1024w, https:\/\/allcars.fr\/wp-content\/uploads\/2025\/11\/20251111_090545-300x225.jpg 300w, https:\/\/allcars.fr\/wp-content\/uploads\/2025\/11\/20251111_090545-768x576.jpg 768w, https:\/\/allcars.fr\/wp-content\/uploads\/2025\/11\/20251111_090545-1536x1152.jpg 1536w, https:\/\/allcars.fr\/wp-content\/uploads\/2025\/11\/20251111_090545-2048x1536.jpg 2048w\" sizes=\"auto, (max-width: 1024px) 100vw, 1024px\" \/><\/a><\/figure>\n<\/figure>\n\n\n\n<p class=\"has-medium-font-size\">160 000 ml environ (import\u00e9 des USA en 2025).<\/p>\n\n\n\n<p>Remise en \u00e9tat \u00e0 son arriv\u00e9e (pour pr\u00e9sentation CT et tests UTAC) :<\/p>\n\n\n\n<ul class=\"wp-block-list\">\n<li>4 x amortisseurs neufs.<\/li>\n\n\n\n<li>4 x triangles AV neufs.<\/li>\n\n\n\n<li>Toutes les rotules et bielettes neuves (direction, barres stabilisatrices, &#8230;).<\/li>\n\n\n\n<li>4 x freins neufs.<\/li>\n\n\n\n<li>2 x pneus AR neufs.<\/li>\n\n\n\n<li>Remplacements supports moteur et boite.<\/li>\n\n\n\n<li>Remplacement roulements pont AR.<\/li>\n\n\n\n<li>Remplacement 4 x sondes Lambda.<\/li>\n\n\n\n<li>R\u00e9vision moteur (vidange moteur, pont et boite).<\/li>\n\n\n\n<li>Si\u00e8ge conducteur refait \u00e0 neuf.<\/li>\n<\/ul>\n\n\n\n<p><\/p>\n\n\n\n<p class=\"has-medium-font-size\">Options :<\/p>\n\n\n\n<ul class=\"wp-block-list\">\n<li>Autoradio \/ tablette ANDROID.<\/li>\n\n\n\n<li>Attelage + prise EU.<\/li>\n<\/ul>\n\n\n\n<p class=\"has-medium-font-size\">Carte grise FR.<\/p>\n\n\n\n<p class=\"has-medium-font-size\">Pr\u00eat \u00e0 parcourir toutes distances.<\/p>\n\n\n\n<p class=\"has-medium-font-size\">Visible sur Paris 20.<\/p>\n","protected":false},"excerpt":{"rendered":"<p>160 000 ml environ (import\u00e9 des USA en 2025). Remise en \u00e9tat \u00e0 son arriv\u00e9e (pour pr\u00e9sentation CT et tests UTAC) : Options : Carte grise FR. Pr\u00eat \u00e0 parcourir toutes distances. Visible sur Paris 20.<\/p>\n","protected":false},"author":1,"featured_media":5819,"comment_status":"closed","ping_status":"open","sticky":false,"template":"","format":"standard","meta":{"_jetpack_memberships_contains_paid_content":false,"footnotes":""},"categories":[65,14,12],"tags":[],"class_list":["post-5789","post","type-post","status-publish","format-standard","has-post-thumbnail","hentry","category-a-louer","category-a-vendre","category-annonces-voitures"],"jetpack_featured_media_url":"https:\/\/allcars.fr\/wp-content\/uploads\/2025\/11\/20251111_090151-scaled.jpg","jetpack_sharing_enabled":true,"_links":{"self":[{"href":"https:\/\/allcars.fr\/index.php?rest_route=\/wp\/v2\/posts\/5789","targetHints":{"allow":["GET"]}}],"collection":[{"href":"https:\/\/allcars.fr\/index.php?rest_route=\/wp\/v2\/posts"}],"about":[{"href":"https:\/\/allcars.fr\/index.php?rest_route=\/wp\/v2\/types\/post"}],"author":[{"embeddable":true,"href":"https:\/\/allcars.fr\/index.php?rest_route=\/wp\/v2\/users\/1"}],"replies":[{"embeddable":true,"href":"https:\/\/allcars.fr\/index.php?rest_route=%2Fwp%2Fv2%2Fcomments&post=5789"}],"version-history":[{"count":8,"href":"https:\/\/allcars.fr\/index.php?rest_route=\/wp\/v2\/posts\/5789\/revisions"}],"predecessor-version":[{"id":5865,"href":"https:\/\/allcars.fr\/index.php?rest_route=\/wp\/v2\/posts\/5789\/revisions\/5865"}],"wp:featuredmedia":[{"embeddable":true,"href":"https:\/\/allcars.fr\/index.php?rest_route=\/wp\/v2\/media\/5819"}],"wp:attachment":[{"href":"https:\/\/allcars.fr\/index.php?rest_route=%2Fwp%2Fv2%2Fmedia&parent=5789"}],"wp:term":[{"taxonomy":"category","embeddable":true,"href":"https:\/\/allcars.fr\/index.php?rest_route=%2Fwp%2Fv2%2Fcategories&post=5789"},{"taxonomy":"post_tag","embeddable":true,"href":"https:\/\/allcars.fr\/index.php?rest_route=%2Fwp%2Fv2%2Ftags&post=5789"}],"curies":[{"name":"wp","href":"https:\/\/api.w.org\/{rel}","templated":true}]}}