{"id":5549,"date":"2024-01-10T11:18:07","date_gmt":"2024-01-10T09:18:07","guid":{"rendered":"https:\/\/allcars.fr\/?p=5549"},"modified":"2026-03-29T16:53:36","modified_gmt":"2026-03-29T14:53:36","slug":"triumph-spitfire-mk3-1969-vendu-2-2-2-2","status":"publish","type":"post","link":"https:\/\/allcars.fr\/?p=5549","title":{"rendered":"Citro\u00ebn &#8211; Ami 6 Break &#8211; 1968 &#8211; [PROJET]"},"content":{"rendered":"<div id='gallery-1' class='gallery galleryid-5549 gallery-columns-3 gallery-size-full'><figure class='gallery-item'>\n\t\t\t<div class='gallery-icon landscape'>\n\t\t\t\t<a href='https:\/\/allcars.fr\/?attachment_id=5882'><img loading=\"lazy\" decoding=\"async\" width=\"2560\" height=\"1920\" src=\"https:\/\/allcars.fr\/wp-content\/uploads\/2026\/03\/20260329_120535-scaled.jpg\" class=\"attachment-full size-full\" alt=\"AMI 6\" srcset=\"https:\/\/allcars.fr\/wp-content\/uploads\/2026\/03\/20260329_120535-scaled.jpg 2560w, https:\/\/allcars.fr\/wp-content\/uploads\/2026\/03\/20260329_120535-300x225.jpg 300w, https:\/\/allcars.fr\/wp-content\/uploads\/2026\/03\/20260329_120535-1024x768.jpg 1024w, https:\/\/allcars.fr\/wp-content\/uploads\/2026\/03\/20260329_120535-768x576.jpg 768w, https:\/\/allcars.fr\/wp-content\/uploads\/2026\/03\/20260329_120535-1536x1152.jpg 1536w, https:\/\/allcars.fr\/wp-content\/uploads\/2026\/03\/20260329_120535-2048x1536.jpg 2048w\" sizes=\"auto, (max-width: 2560px) 100vw, 2560px\" \/><\/a>\n\t\t\t<\/div><\/figure><figure class='gallery-item'>\n\t\t\t<div class='gallery-icon landscape'>\n\t\t\t\t<a href='https:\/\/allcars.fr\/?attachment_id=5883'><img loading=\"lazy\" decoding=\"async\" width=\"2560\" height=\"1920\" src=\"https:\/\/allcars.fr\/wp-content\/uploads\/2026\/03\/20260329_120541-scaled.jpg\" class=\"attachment-full size-full\" alt=\"AMI 6\" srcset=\"https:\/\/allcars.fr\/wp-content\/uploads\/2026\/03\/20260329_120541-scaled.jpg 2560w, https:\/\/allcars.fr\/wp-content\/uploads\/2026\/03\/20260329_120541-300x225.jpg 300w, https:\/\/allcars.fr\/wp-content\/uploads\/2026\/03\/20260329_120541-1024x768.jpg 1024w, https:\/\/allcars.fr\/wp-content\/uploads\/2026\/03\/20260329_120541-768x576.jpg 768w, https:\/\/allcars.fr\/wp-content\/uploads\/2026\/03\/20260329_120541-1536x1152.jpg 1536w, https:\/\/allcars.fr\/wp-content\/uploads\/2026\/03\/20260329_120541-2048x1536.jpg 2048w\" sizes=\"auto, (max-width: 2560px) 100vw, 2560px\" \/><\/a>\n\t\t\t<\/div><\/figure><figure class='gallery-item'>\n\t\t\t<div class='gallery-icon landscape'>\n\t\t\t\t<a href='https:\/\/allcars.fr\/?attachment_id=5881'><img loading=\"lazy\" decoding=\"async\" width=\"2560\" height=\"1920\" src=\"https:\/\/allcars.fr\/wp-content\/uploads\/2026\/03\/20260329_120529-scaled.jpg\" class=\"attachment-full size-full\" alt=\"AMI 6\" srcset=\"https:\/\/allcars.fr\/wp-content\/uploads\/2026\/03\/20260329_120529-scaled.jpg 2560w, https:\/\/allcars.fr\/wp-content\/uploads\/2026\/03\/20260329_120529-300x225.jpg 300w, https:\/\/allcars.fr\/wp-content\/uploads\/2026\/03\/20260329_120529-1024x768.jpg 1024w, https:\/\/allcars.fr\/wp-content\/uploads\/2026\/03\/20260329_120529-768x576.jpg 768w, https:\/\/allcars.fr\/wp-content\/uploads\/2026\/03\/20260329_120529-1536x1152.jpg 1536w, https:\/\/allcars.fr\/wp-content\/uploads\/2026\/03\/20260329_120529-2048x1536.jpg 2048w\" sizes=\"auto, (max-width: 2560px) 100vw, 2560px\" \/><\/a>\n\t\t\t<\/div><\/figure><figure class='gallery-item'>\n\t\t\t<div class='gallery-icon landscape'>\n\t\t\t\t<a href='https:\/\/allcars.fr\/?attachment_id=5880'><img loading=\"lazy\" decoding=\"async\" width=\"2560\" height=\"1920\" src=\"https:\/\/allcars.fr\/wp-content\/uploads\/2026\/03\/20260329_120515-scaled.jpg\" class=\"attachment-full size-full\" alt=\"AMI 6\" srcset=\"https:\/\/allcars.fr\/wp-content\/uploads\/2026\/03\/20260329_120515-scaled.jpg 2560w, https:\/\/allcars.fr\/wp-content\/uploads\/2026\/03\/20260329_120515-300x225.jpg 300w, https:\/\/allcars.fr\/wp-content\/uploads\/2026\/03\/20260329_120515-1024x768.jpg 1024w, https:\/\/allcars.fr\/wp-content\/uploads\/2026\/03\/20260329_120515-768x576.jpg 768w, https:\/\/allcars.fr\/wp-content\/uploads\/2026\/03\/20260329_120515-1536x1152.jpg 1536w, https:\/\/allcars.fr\/wp-content\/uploads\/2026\/03\/20260329_120515-2048x1536.jpg 2048w\" sizes=\"auto, (max-width: 2560px) 100vw, 2560px\" \/><\/a>\n\t\t\t<\/div><\/figure><figure class='gallery-item'>\n\t\t\t<div class='gallery-icon landscape'>\n\t\t\t\t<a href='https:\/\/allcars.fr\/?attachment_id=5879'><img loading=\"lazy\" decoding=\"async\" width=\"2560\" height=\"1920\" src=\"https:\/\/allcars.fr\/wp-content\/uploads\/2026\/03\/20260329_120509-scaled.jpg\" class=\"attachment-full size-full\" alt=\"AMI 6\" srcset=\"https:\/\/allcars.fr\/wp-content\/uploads\/2026\/03\/20260329_120509-scaled.jpg 2560w, https:\/\/allcars.fr\/wp-content\/uploads\/2026\/03\/20260329_120509-300x225.jpg 300w, https:\/\/allcars.fr\/wp-content\/uploads\/2026\/03\/20260329_120509-1024x768.jpg 1024w, https:\/\/allcars.fr\/wp-content\/uploads\/2026\/03\/20260329_120509-768x576.jpg 768w, https:\/\/allcars.fr\/wp-content\/uploads\/2026\/03\/20260329_120509-1536x1152.jpg 1536w, https:\/\/allcars.fr\/wp-content\/uploads\/2026\/03\/20260329_120509-2048x1536.jpg 2048w\" sizes=\"auto, (max-width: 2560px) 100vw, 2560px\" \/><\/a>\n\t\t\t<\/div><\/figure><figure class='gallery-item'>\n\t\t\t<div class='gallery-icon landscape'>\n\t\t\t\t<a href='https:\/\/allcars.fr\/?attachment_id=5878'><img loading=\"lazy\" decoding=\"async\" width=\"2560\" height=\"1920\" src=\"https:\/\/allcars.fr\/wp-content\/uploads\/2026\/03\/20260329_120502-scaled.jpg\" class=\"attachment-full size-full\" alt=\"AMI 6\" srcset=\"https:\/\/allcars.fr\/wp-content\/uploads\/2026\/03\/20260329_120502-scaled.jpg 2560w, https:\/\/allcars.fr\/wp-content\/uploads\/2026\/03\/20260329_120502-300x225.jpg 300w, https:\/\/allcars.fr\/wp-content\/uploads\/2026\/03\/20260329_120502-1024x768.jpg 1024w, https:\/\/allcars.fr\/wp-content\/uploads\/2026\/03\/20260329_120502-768x576.jpg 768w, https:\/\/allcars.fr\/wp-content\/uploads\/2026\/03\/20260329_120502-1536x1152.jpg 1536w, https:\/\/allcars.fr\/wp-content\/uploads\/2026\/03\/20260329_120502-2048x1536.jpg 2048w\" sizes=\"auto, (max-width: 2560px) 100vw, 2560px\" \/><\/a>\n\t\t\t<\/div><\/figure><figure class='gallery-item'>\n\t\t\t<div class='gallery-icon landscape'>\n\t\t\t\t<a href='https:\/\/allcars.fr\/?attachment_id=5877'><img loading=\"lazy\" decoding=\"async\" width=\"2560\" height=\"1920\" src=\"https:\/\/allcars.fr\/wp-content\/uploads\/2026\/03\/20260329_120457-scaled.jpg\" class=\"attachment-full size-full\" alt=\"AMI 6\" srcset=\"https:\/\/allcars.fr\/wp-content\/uploads\/2026\/03\/20260329_120457-scaled.jpg 2560w, https:\/\/allcars.fr\/wp-content\/uploads\/2026\/03\/20260329_120457-300x225.jpg 300w, https:\/\/allcars.fr\/wp-content\/uploads\/2026\/03\/20260329_120457-1024x768.jpg 1024w, https:\/\/allcars.fr\/wp-content\/uploads\/2026\/03\/20260329_120457-768x576.jpg 768w, https:\/\/allcars.fr\/wp-content\/uploads\/2026\/03\/20260329_120457-1536x1152.jpg 1536w, https:\/\/allcars.fr\/wp-content\/uploads\/2026\/03\/20260329_120457-2048x1536.jpg 2048w\" sizes=\"auto, (max-width: 2560px) 100vw, 2560px\" \/><\/a>\n\t\t\t<\/div><\/figure><figure class='gallery-item'>\n\t\t\t<div class='gallery-icon landscape'>\n\t\t\t\t<a href='https:\/\/allcars.fr\/?attachment_id=5876'><img loading=\"lazy\" decoding=\"async\" width=\"2560\" height=\"1920\" src=\"https:\/\/allcars.fr\/wp-content\/uploads\/2026\/03\/20260329_120450-scaled.jpg\" class=\"attachment-full size-full\" alt=\"AMI 6\" srcset=\"https:\/\/allcars.fr\/wp-content\/uploads\/2026\/03\/20260329_120450-scaled.jpg 2560w, https:\/\/allcars.fr\/wp-content\/uploads\/2026\/03\/20260329_120450-300x225.jpg 300w, https:\/\/allcars.fr\/wp-content\/uploads\/2026\/03\/20260329_120450-1024x768.jpg 1024w, https:\/\/allcars.fr\/wp-content\/uploads\/2026\/03\/20260329_120450-768x576.jpg 768w, https:\/\/allcars.fr\/wp-content\/uploads\/2026\/03\/20260329_120450-1536x1152.jpg 1536w, https:\/\/allcars.fr\/wp-content\/uploads\/2026\/03\/20260329_120450-2048x1536.jpg 2048w\" sizes=\"auto, (max-width: 2560px) 100vw, 2560px\" \/><\/a>\n\t\t\t<\/div><\/figure><figure class='gallery-item'>\n\t\t\t<div class='gallery-icon landscape'>\n\t\t\t\t<a href='https:\/\/allcars.fr\/?attachment_id=5875'><img loading=\"lazy\" decoding=\"async\" width=\"2560\" height=\"1920\" src=\"https:\/\/allcars.fr\/wp-content\/uploads\/2026\/03\/20260329_120443-scaled.jpg\" class=\"attachment-full size-full\" alt=\"AMI 6\" srcset=\"https:\/\/allcars.fr\/wp-content\/uploads\/2026\/03\/20260329_120443-scaled.jpg 2560w, https:\/\/allcars.fr\/wp-content\/uploads\/2026\/03\/20260329_120443-300x225.jpg 300w, https:\/\/allcars.fr\/wp-content\/uploads\/2026\/03\/20260329_120443-1024x768.jpg 1024w, https:\/\/allcars.fr\/wp-content\/uploads\/2026\/03\/20260329_120443-768x576.jpg 768w, https:\/\/allcars.fr\/wp-content\/uploads\/2026\/03\/20260329_120443-1536x1152.jpg 1536w, https:\/\/allcars.fr\/wp-content\/uploads\/2026\/03\/20260329_120443-2048x1536.jpg 2048w\" sizes=\"auto, (max-width: 2560px) 100vw, 2560px\" \/><\/a>\n\t\t\t<\/div><\/figure><figure class='gallery-item'>\n\t\t\t<div class='gallery-icon landscape'>\n\t\t\t\t<a href='https:\/\/allcars.fr\/?attachment_id=5870'><img loading=\"lazy\" decoding=\"async\" width=\"2560\" height=\"1920\" src=\"https:\/\/allcars.fr\/wp-content\/uploads\/2026\/03\/20260328_183252-scaled.jpg\" class=\"attachment-full size-full\" alt=\"AMI 6\" srcset=\"https:\/\/allcars.fr\/wp-content\/uploads\/2026\/03\/20260328_183252-scaled.jpg 2560w, https:\/\/allcars.fr\/wp-content\/uploads\/2026\/03\/20260328_183252-300x225.jpg 300w, https:\/\/allcars.fr\/wp-content\/uploads\/2026\/03\/20260328_183252-1024x768.jpg 1024w, https:\/\/allcars.fr\/wp-content\/uploads\/2026\/03\/20260328_183252-768x576.jpg 768w, https:\/\/allcars.fr\/wp-content\/uploads\/2026\/03\/20260328_183252-1536x1152.jpg 1536w, https:\/\/allcars.fr\/wp-content\/uploads\/2026\/03\/20260328_183252-2048x1536.jpg 2048w\" sizes=\"auto, (max-width: 2560px) 100vw, 2560px\" \/><\/a>\n\t\t\t<\/div><\/figure><figure class='gallery-item'>\n\t\t\t<div class='gallery-icon landscape'>\n\t\t\t\t<a href='https:\/\/allcars.fr\/?attachment_id=5869'><img loading=\"lazy\" decoding=\"async\" width=\"2560\" height=\"1920\" src=\"https:\/\/allcars.fr\/wp-content\/uploads\/2026\/03\/20260328_183245-scaled.jpg\" class=\"attachment-full size-full\" alt=\"AMI 6\" srcset=\"https:\/\/allcars.fr\/wp-content\/uploads\/2026\/03\/20260328_183245-scaled.jpg 2560w, https:\/\/allcars.fr\/wp-content\/uploads\/2026\/03\/20260328_183245-300x225.jpg 300w, https:\/\/allcars.fr\/wp-content\/uploads\/2026\/03\/20260328_183245-1024x768.jpg 1024w, https:\/\/allcars.fr\/wp-content\/uploads\/2026\/03\/20260328_183245-768x576.jpg 768w, https:\/\/allcars.fr\/wp-content\/uploads\/2026\/03\/20260328_183245-1536x1152.jpg 1536w, https:\/\/allcars.fr\/wp-content\/uploads\/2026\/03\/20260328_183245-2048x1536.jpg 2048w\" sizes=\"auto, (max-width: 2560px) 100vw, 2560px\" \/><\/a>\n\t\t\t<\/div><\/figure><figure class='gallery-item'>\n\t\t\t<div class='gallery-icon portrait'>\n\t\t\t\t<a href='https:\/\/allcars.fr\/?attachment_id=5854#main'><img loading=\"lazy\" decoding=\"async\" width=\"1440\" height=\"2560\" src=\"https:\/\/allcars.fr\/wp-content\/uploads\/2026\/01\/DSC_0592-scaled.jpg\" class=\"attachment-full size-full\" alt=\"AMI 6\" srcset=\"https:\/\/allcars.fr\/wp-content\/uploads\/2026\/01\/DSC_0592-scaled.jpg 1440w, https:\/\/allcars.fr\/wp-content\/uploads\/2026\/01\/DSC_0592-169x300.jpg 169w, https:\/\/allcars.fr\/wp-content\/uploads\/2026\/01\/DSC_0592-576x1024.jpg 576w, https:\/\/allcars.fr\/wp-content\/uploads\/2026\/01\/DSC_0592-768x1365.jpg 768w, https:\/\/allcars.fr\/wp-content\/uploads\/2026\/01\/DSC_0592-864x1536.jpg 864w, https:\/\/allcars.fr\/wp-content\/uploads\/2026\/01\/DSC_0592-1152x2048.jpg 1152w\" sizes=\"auto, (max-width: 1440px) 100vw, 1440px\" \/><\/a>\n\t\t\t<\/div><\/figure><figure class='gallery-item'>\n\t\t\t<div class='gallery-icon landscape'>\n\t\t\t\t<a href='https:\/\/allcars.fr\/?attachment_id=5853#main'><img loading=\"lazy\" decoding=\"async\" width=\"2560\" height=\"1440\" src=\"https:\/\/allcars.fr\/wp-content\/uploads\/2026\/01\/DSC_0591-scaled.jpg\" class=\"attachment-full size-full\" alt=\"AMI 6\" srcset=\"https:\/\/allcars.fr\/wp-content\/uploads\/2026\/01\/DSC_0591-scaled.jpg 2560w, https:\/\/allcars.fr\/wp-content\/uploads\/2026\/01\/DSC_0591-300x169.jpg 300w, https:\/\/allcars.fr\/wp-content\/uploads\/2026\/01\/DSC_0591-1024x576.jpg 1024w, https:\/\/allcars.fr\/wp-content\/uploads\/2026\/01\/DSC_0591-768x432.jpg 768w, https:\/\/allcars.fr\/wp-content\/uploads\/2026\/01\/DSC_0591-1536x864.jpg 1536w, https:\/\/allcars.fr\/wp-content\/uploads\/2026\/01\/DSC_0591-2048x1152.jpg 2048w\" sizes=\"auto, (max-width: 2560px) 100vw, 2560px\" \/><\/a>\n\t\t\t<\/div><\/figure><figure class='gallery-item'>\n\t\t\t<div class='gallery-icon portrait'>\n\t\t\t\t<a href='https:\/\/allcars.fr\/?attachment_id=5852#main'><img loading=\"lazy\" decoding=\"async\" width=\"1440\" height=\"2560\" src=\"https:\/\/allcars.fr\/wp-content\/uploads\/2026\/01\/DSC_0590-scaled.jpg\" class=\"attachment-full size-full\" alt=\"AMI 6\" srcset=\"https:\/\/allcars.fr\/wp-content\/uploads\/2026\/01\/DSC_0590-scaled.jpg 1440w, https:\/\/allcars.fr\/wp-content\/uploads\/2026\/01\/DSC_0590-169x300.jpg 169w, https:\/\/allcars.fr\/wp-content\/uploads\/2026\/01\/DSC_0590-576x1024.jpg 576w, https:\/\/allcars.fr\/wp-content\/uploads\/2026\/01\/DSC_0590-768x1365.jpg 768w, https:\/\/allcars.fr\/wp-content\/uploads\/2026\/01\/DSC_0590-864x1536.jpg 864w, https:\/\/allcars.fr\/wp-content\/uploads\/2026\/01\/DSC_0590-1152x2048.jpg 1152w\" sizes=\"auto, (max-width: 1440px) 100vw, 1440px\" \/><\/a>\n\t\t\t<\/div><\/figure><figure class='gallery-item'>\n\t\t\t<div class='gallery-icon landscape'>\n\t\t\t\t<a href='https:\/\/allcars.fr\/?attachment_id=5851#main'><img loading=\"lazy\" decoding=\"async\" width=\"2560\" height=\"1440\" src=\"https:\/\/allcars.fr\/wp-content\/uploads\/2026\/01\/DSC_0589-scaled.jpg\" class=\"attachment-full size-full\" alt=\"AMI 6\" srcset=\"https:\/\/allcars.fr\/wp-content\/uploads\/2026\/01\/DSC_0589-scaled.jpg 2560w, https:\/\/allcars.fr\/wp-content\/uploads\/2026\/01\/DSC_0589-300x169.jpg 300w, https:\/\/allcars.fr\/wp-content\/uploads\/2026\/01\/DSC_0589-1024x576.jpg 1024w, https:\/\/allcars.fr\/wp-content\/uploads\/2026\/01\/DSC_0589-768x432.jpg 768w, https:\/\/allcars.fr\/wp-content\/uploads\/2026\/01\/DSC_0589-1536x864.jpg 1536w, https:\/\/allcars.fr\/wp-content\/uploads\/2026\/01\/DSC_0589-2048x1152.jpg 2048w\" sizes=\"auto, (max-width: 2560px) 100vw, 2560px\" \/><\/a>\n\t\t\t<\/div><\/figure><figure class='gallery-item'>\n\t\t\t<div class='gallery-icon landscape'>\n\t\t\t\t<a href='https:\/\/allcars.fr\/?attachment_id=5850#main'><img loading=\"lazy\" decoding=\"async\" width=\"2560\" height=\"1440\" src=\"https:\/\/allcars.fr\/wp-content\/uploads\/2026\/01\/DSC_0588-scaled.jpg\" class=\"attachment-full size-full\" alt=\"AMI 6\" srcset=\"https:\/\/allcars.fr\/wp-content\/uploads\/2026\/01\/DSC_0588-scaled.jpg 2560w, https:\/\/allcars.fr\/wp-content\/uploads\/2026\/01\/DSC_0588-300x169.jpg 300w, https:\/\/allcars.fr\/wp-content\/uploads\/2026\/01\/DSC_0588-1024x576.jpg 1024w, https:\/\/allcars.fr\/wp-content\/uploads\/2026\/01\/DSC_0588-768x432.jpg 768w, https:\/\/allcars.fr\/wp-content\/uploads\/2026\/01\/DSC_0588-1536x864.jpg 1536w, https:\/\/allcars.fr\/wp-content\/uploads\/2026\/01\/DSC_0588-2048x1152.jpg 2048w\" sizes=\"auto, (max-width: 2560px) 100vw, 2560px\" \/><\/a>\n\t\t\t<\/div><\/figure><figure class='gallery-item'>\n\t\t\t<div class='gallery-icon landscape'>\n\t\t\t\t<a href='https:\/\/allcars.fr\/?attachment_id=5849#main'><img loading=\"lazy\" decoding=\"async\" width=\"2560\" height=\"1440\" src=\"https:\/\/allcars.fr\/wp-content\/uploads\/2026\/01\/DSC_0587-scaled.jpg\" class=\"attachment-full size-full\" alt=\"AMI 6\" srcset=\"https:\/\/allcars.fr\/wp-content\/uploads\/2026\/01\/DSC_0587-scaled.jpg 2560w, https:\/\/allcars.fr\/wp-content\/uploads\/2026\/01\/DSC_0587-300x169.jpg 300w, https:\/\/allcars.fr\/wp-content\/uploads\/2026\/01\/DSC_0587-1024x576.jpg 1024w, https:\/\/allcars.fr\/wp-content\/uploads\/2026\/01\/DSC_0587-768x432.jpg 768w, https:\/\/allcars.fr\/wp-content\/uploads\/2026\/01\/DSC_0587-1536x864.jpg 1536w, https:\/\/allcars.fr\/wp-content\/uploads\/2026\/01\/DSC_0587-2048x1152.jpg 2048w\" sizes=\"auto, (max-width: 2560px) 100vw, 2560px\" \/><\/a>\n\t\t\t<\/div><\/figure><figure class='gallery-item'>\n\t\t\t<div class='gallery-icon landscape'>\n\t\t\t\t<a href='https:\/\/allcars.fr\/?attachment_id=5848#main'><img loading=\"lazy\" decoding=\"async\" width=\"2560\" height=\"1440\" src=\"https:\/\/allcars.fr\/wp-content\/uploads\/2026\/01\/DSC_0586-scaled.jpg\" class=\"attachment-full size-full\" alt=\"AMI 6\" srcset=\"https:\/\/allcars.fr\/wp-content\/uploads\/2026\/01\/DSC_0586-scaled.jpg 2560w, https:\/\/allcars.fr\/wp-content\/uploads\/2026\/01\/DSC_0586-300x169.jpg 300w, https:\/\/allcars.fr\/wp-content\/uploads\/2026\/01\/DSC_0586-1024x576.jpg 1024w, https:\/\/allcars.fr\/wp-content\/uploads\/2026\/01\/DSC_0586-768x432.jpg 768w, https:\/\/allcars.fr\/wp-content\/uploads\/2026\/01\/DSC_0586-1536x864.jpg 1536w, https:\/\/allcars.fr\/wp-content\/uploads\/2026\/01\/DSC_0586-2048x1152.jpg 2048w\" sizes=\"auto, (max-width: 2560px) 100vw, 2560px\" \/><\/a>\n\t\t\t<\/div><\/figure><figure class='gallery-item'>\n\t\t\t<div class='gallery-icon landscape'>\n\t\t\t\t<a href='https:\/\/allcars.fr\/?attachment_id=5847#main'><img loading=\"lazy\" decoding=\"async\" width=\"2560\" height=\"1440\" src=\"https:\/\/allcars.fr\/wp-content\/uploads\/2026\/01\/DSC_0585-scaled.jpg\" class=\"attachment-full size-full\" alt=\"AMI 6\" srcset=\"https:\/\/allcars.fr\/wp-content\/uploads\/2026\/01\/DSC_0585-scaled.jpg 2560w, https:\/\/allcars.fr\/wp-content\/uploads\/2026\/01\/DSC_0585-300x169.jpg 300w, https:\/\/allcars.fr\/wp-content\/uploads\/2026\/01\/DSC_0585-1024x576.jpg 1024w, https:\/\/allcars.fr\/wp-content\/uploads\/2026\/01\/DSC_0585-768x432.jpg 768w, https:\/\/allcars.fr\/wp-content\/uploads\/2026\/01\/DSC_0585-1536x864.jpg 1536w, https:\/\/allcars.fr\/wp-content\/uploads\/2026\/01\/DSC_0585-2048x1152.jpg 2048w\" sizes=\"auto, (max-width: 2560px) 100vw, 2560px\" \/><\/a>\n\t\t\t<\/div><\/figure><figure class='gallery-item'>\n\t\t\t<div class='gallery-icon landscape'>\n\t\t\t\t<a href='https:\/\/allcars.fr\/?attachment_id=5846#main'><img loading=\"lazy\" decoding=\"async\" width=\"2560\" height=\"1440\" src=\"https:\/\/allcars.fr\/wp-content\/uploads\/2026\/01\/DSC_0584-scaled.jpg\" class=\"attachment-full size-full\" alt=\"AMI 6\" srcset=\"https:\/\/allcars.fr\/wp-content\/uploads\/2026\/01\/DSC_0584-scaled.jpg 2560w, https:\/\/allcars.fr\/wp-content\/uploads\/2026\/01\/DSC_0584-300x169.jpg 300w, https:\/\/allcars.fr\/wp-content\/uploads\/2026\/01\/DSC_0584-1024x576.jpg 1024w, https:\/\/allcars.fr\/wp-content\/uploads\/2026\/01\/DSC_0584-768x432.jpg 768w, https:\/\/allcars.fr\/wp-content\/uploads\/2026\/01\/DSC_0584-1536x864.jpg 1536w, https:\/\/allcars.fr\/wp-content\/uploads\/2026\/01\/DSC_0584-2048x1152.jpg 2048w\" sizes=\"auto, (max-width: 2560px) 100vw, 2560px\" \/><\/a>\n\t\t\t<\/div><\/figure><figure class='gallery-item'>\n\t\t\t<div class='gallery-icon landscape'>\n\t\t\t\t<a href='https:\/\/allcars.fr\/?attachment_id=5845#main'><img loading=\"lazy\" decoding=\"async\" width=\"2560\" height=\"1440\" src=\"https:\/\/allcars.fr\/wp-content\/uploads\/2026\/01\/DSC_0583-scaled.jpg\" class=\"attachment-full size-full\" alt=\"AMI 6\" srcset=\"https:\/\/allcars.fr\/wp-content\/uploads\/2026\/01\/DSC_0583-scaled.jpg 2560w, https:\/\/allcars.fr\/wp-content\/uploads\/2026\/01\/DSC_0583-300x169.jpg 300w, https:\/\/allcars.fr\/wp-content\/uploads\/2026\/01\/DSC_0583-1024x576.jpg 1024w, https:\/\/allcars.fr\/wp-content\/uploads\/2026\/01\/DSC_0583-768x432.jpg 768w, https:\/\/allcars.fr\/wp-content\/uploads\/2026\/01\/DSC_0583-1536x864.jpg 1536w, https:\/\/allcars.fr\/wp-content\/uploads\/2026\/01\/DSC_0583-2048x1152.jpg 2048w\" sizes=\"auto, (max-width: 2560px) 100vw, 2560px\" \/><\/a>\n\t\t\t<\/div><\/figure><figure class='gallery-item'>\n\t\t\t<div class='gallery-icon portrait'>\n\t\t\t\t<a href='https:\/\/allcars.fr\/?attachment_id=5844#main'><img loading=\"lazy\" decoding=\"async\" width=\"1440\" height=\"2560\" src=\"https:\/\/allcars.fr\/wp-content\/uploads\/2026\/01\/DSC_0582-scaled.jpg\" class=\"attachment-full size-full\" alt=\"AMI 6\" srcset=\"https:\/\/allcars.fr\/wp-content\/uploads\/2026\/01\/DSC_0582-scaled.jpg 1440w, https:\/\/allcars.fr\/wp-content\/uploads\/2026\/01\/DSC_0582-169x300.jpg 169w, https:\/\/allcars.fr\/wp-content\/uploads\/2026\/01\/DSC_0582-576x1024.jpg 576w, https:\/\/allcars.fr\/wp-content\/uploads\/2026\/01\/DSC_0582-768x1365.jpg 768w, https:\/\/allcars.fr\/wp-content\/uploads\/2026\/01\/DSC_0582-864x1536.jpg 864w, https:\/\/allcars.fr\/wp-content\/uploads\/2026\/01\/DSC_0582-1152x2048.jpg 1152w\" sizes=\"auto, (max-width: 1440px) 100vw, 1440px\" \/><\/a>\n\t\t\t<\/div><\/figure><figure class='gallery-item'>\n\t\t\t<div class='gallery-icon landscape'>\n\t\t\t\t<a href='https:\/\/allcars.fr\/?attachment_id=5843#main'><img loading=\"lazy\" decoding=\"async\" width=\"2560\" height=\"1440\" src=\"https:\/\/allcars.fr\/wp-content\/uploads\/2026\/01\/DSC_0581-scaled.jpg\" class=\"attachment-full size-full\" alt=\"AMI 6\" srcset=\"https:\/\/allcars.fr\/wp-content\/uploads\/2026\/01\/DSC_0581-scaled.jpg 2560w, https:\/\/allcars.fr\/wp-content\/uploads\/2026\/01\/DSC_0581-300x169.jpg 300w, https:\/\/allcars.fr\/wp-content\/uploads\/2026\/01\/DSC_0581-1024x576.jpg 1024w, https:\/\/allcars.fr\/wp-content\/uploads\/2026\/01\/DSC_0581-768x432.jpg 768w, https:\/\/allcars.fr\/wp-content\/uploads\/2026\/01\/DSC_0581-1536x864.jpg 1536w, https:\/\/allcars.fr\/wp-content\/uploads\/2026\/01\/DSC_0581-2048x1152.jpg 2048w\" sizes=\"auto, (max-width: 2560px) 100vw, 2560px\" \/><\/a>\n\t\t\t<\/div><\/figure>\n\t\t<\/div>\n\n<p>Constructeur : Citro\u00ebn<br \/>\nBo\u00eete de Vitesse : Manuelle (4 vitesses)<br \/>\nMod\u00e8le : Break<br \/>\nCarburant : Essence<br \/>\nType\u00a0 : VP<br \/>\nCylindr\u00e9e (cm cubes) : 602<br \/>\nNombre de portes : 4<br \/>\nDate Contr\u00f4le Technique : \/<br \/>\nKilom\u00e9trage (km \/ mi)\u00a0 :<br \/>\nEmplacement Volant : LHD<br \/>\nDate v\u00e9hicule : 20\/02\/1968<br \/>\nDocument v\u00e9hicule\u00a0 : CG fr<br \/>\nCouleur carrosserie : Bleu<br \/>\nPuissance fiscale : 2 CV<br \/>\nCouleur int\u00e9rieur :<br \/>\nPuissance (ch DIN)\u00a0 : &#8230;<br \/>\nNombre de places : 4<br \/>\nOption(s) : Jantes FUCHS<\/p>\n<p>V\u00e9hicule r\u00e9cup\u00e9r\u00e9 de mon grand-p\u00e8re (premi\u00e8re main achet\u00e9 en 1968).<br \/>\n(Nouvelles photos \u00e0 venir)<\/p>\n","protected":false},"excerpt":{"rendered":"<p>Constructeur : Citro\u00ebn Bo\u00eete de Vitesse : Manuelle (4 vitesses) Mod\u00e8le : Break Carburant : Essence Type\u00a0 : VP Cylindr\u00e9e (cm cubes) : 602 Nombre de portes : 4 Date Contr\u00f4le Technique : \/ Kilom\u00e9trage (km \/ mi)\u00a0 : Emplacement Volant : LHD Date v\u00e9hicule : 20\/02\/1968 Document v\u00e9hicule\u00a0 : CG fr Couleur carrosserie : &#8230; <a title=\"Citro\u00ebn &#8211; Ami 6 Break &#8211; 1968 &#8211; [PROJET]\" class=\"read-more\" href=\"https:\/\/allcars.fr\/?p=5549\" aria-label=\"En savoir plus sur Citro\u00ebn &#8211; Ami 6 Break &#8211; 1968 &#8211; [PROJET]\">Lire la suite<\/a><\/p>\n","protected":false},"author":1,"featured_media":5882,"comment_status":"open","ping_status":"open","sticky":false,"template":"","format":"standard","meta":{"_jetpack_memberships_contains_paid_content":false,"footnotes":""},"categories":[64],"tags":[],"class_list":["post-5549","post","type-post","status-publish","format-standard","has-post-thumbnail","hentry","category-projets"],"jetpack_featured_media_url":"https:\/\/allcars.fr\/wp-content\/uploads\/2026\/03\/20260329_120535-scaled.jpg","jetpack_sharing_enabled":true,"_links":{"self":[{"href":"https:\/\/allcars.fr\/index.php?rest_route=\/wp\/v2\/posts\/5549","targetHints":{"allow":["GET"]}}],"collection":[{"href":"https:\/\/allcars.fr\/index.php?rest_route=\/wp\/v2\/posts"}],"about":[{"href":"https:\/\/allcars.fr\/index.php?rest_route=\/wp\/v2\/types\/post"}],"author":[{"embeddable":true,"href":"https:\/\/allcars.fr\/index.php?rest_route=\/wp\/v2\/users\/1"}],"replies":[{"embeddable":true,"href":"https:\/\/allcars.fr\/index.php?rest_route=%2Fwp%2Fv2%2Fcomments&post=5549"}],"version-history":[{"count":5,"href":"https:\/\/allcars.fr\/index.php?rest_route=\/wp\/v2\/posts\/5549\/revisions"}],"predecessor-version":[{"id":5888,"href":"https:\/\/allcars.fr\/index.php?rest_route=\/wp\/v2\/posts\/5549\/revisions\/5888"}],"wp:featuredmedia":[{"embeddable":true,"href":"https:\/\/allcars.fr\/index.php?rest_route=\/wp\/v2\/media\/5882"}],"wp:attachment":[{"href":"https:\/\/allcars.fr\/index.php?rest_route=%2Fwp%2Fv2%2Fmedia&parent=5549"}],"wp:term":[{"taxonomy":"category","embeddable":true,"href":"https:\/\/allcars.fr\/index.php?rest_route=%2Fwp%2Fv2%2Fcategories&post=5549"},{"taxonomy":"post_tag","embeddable":true,"href":"https:\/\/allcars.fr\/index.php?rest_route=%2Fwp%2Fv2%2Ftags&post=5549"}],"curies":[{"name":"wp","href":"https:\/\/api.w.org\/{rel}","templated":true}]}}