{"id":5372,"date":"2023-02-20T16:21:00","date_gmt":"2023-02-20T14:21:00","guid":{"rendered":"https:\/\/allcars.fr\/?p=5372"},"modified":"2024-01-10T12:41:24","modified_gmt":"2024-01-10T10:41:24","slug":"mini-cooper-s-184-ch-r56-v1-1-2010-2","status":"publish","type":"post","link":"https:\/\/allcars.fr\/?p=5372","title":{"rendered":"Mercedes-Benz Classe A &#8211; 200TURBO &#8211; 2006 &#8211; [VENDUE]"},"content":{"rendered":"\n<div class=\"wp-block-envira-envira-gallery\"><div id=\"envira-gallery-wrap-5434\" class=\"envira-gallery-wrap envira-gallery-theme-base envira-lightbox-theme-base\" itemscope itemtype=\"https:\/\/schema.org\/ImageGallery\"><div data-row-height=\"150\" data-gallery-theme=\"normal\" id=\"envira-gallery-5434\" class=\"envira-gallery-public envira-gallery-justified-public envira-gallery-0-columns envira-clear enviratope envira-gallery-css-animations\" data-envira-columns=\"0\"><div id=\"envira-gallery-item-5397\" class=\"envira-gallery-item enviratope-item envira-gallery-item-1 envira-lazy-load\" style=\"padding-left: 1px; padding-bottom: 1px; padding-right: 1px;\"  itemscope itemtype=\"https:\/\/schema.org\/ImageObject\"><div class=\"envira-gallery-item-inner\"><div class=\"envira-gallery-position-overlay  envira-gallery-top-left\"><\/div><div class=\"envira-gallery-position-overlay  envira-gallery-top-right\"><\/div><div class=\"envira-gallery-position-overlay  envira-gallery-bottom-left\"><\/div><div class=\"envira-gallery-position-overlay  envira-gallery-bottom-right\"><\/div><a href=\"https:\/\/allcars.fr\/wp-content\/uploads\/2023\/02\/03_20230220_143731-scaled.jpg\" class=\"envira-gallery-5434 envira-gallery-link\" rel=\"enviragallery5434\" title=\"03_20230220_143731\" data-envira-caption=\"03_20230220_143731\" data-envira-retina=\"\" data-thumbnail=\"\"  itemprop=\"contentUrl\"><img decoding=\"async\" id=\"envira-gallery-image-5397\" class=\"envira-gallery-image envira-gallery-image-1 envira-normal envira-lazy\" data-envira-index=\"1\" src=\"https:\/\/allcars.fr\/wp-content\/uploads\/2023\/02\/03_20230220_143731-1024x768-640x480.jpg\" data-envira-src=\"https:\/\/allcars.fr\/wp-content\/uploads\/2023\/02\/03_20230220_143731-1024x768-640x480.jpg\" data-envira-gallery-id=\"5434\" data-envira-item-id=\"5397\" data-envira-caption=\"03_20230220_143731\" alt=\"\" title=\"03_20230220_143731\"  itemprop=\"thumbnailUrl\" data-envira-srcset=\"https:\/\/allcars.fr\/wp-content\/uploads\/2023\/02\/03_20230220_143731-1024x768-640x480.jpg 400w,https:\/\/allcars.fr\/wp-content\/uploads\/2023\/02\/03_20230220_143731-1024x768-640x480.jpg 2x\" data-envira-width=\"300\" data-envira-height=\"225\" srcset=\"data:image\/gif;base64,R0lGODlhAQABAIAAAP\/\/\/\/\/\/\/yH5BAEKAAEALAAAAAABAAEAAAICTAEAOw==\" data-safe-src=\"data:image\/gif;base64,R0lGODlhAQABAIAAAP\/\/\/\/\/\/\/yH5BAEKAAEALAAAAAABAAEAAAICTAEAOw==\" \/><\/a><\/div><\/div><div id=\"envira-gallery-item-5399\" class=\"envira-gallery-item enviratope-item envira-gallery-item-2 envira-lazy-load\" style=\"padding-left: 1px; padding-bottom: 1px; padding-right: 1px;\"  itemscope itemtype=\"https:\/\/schema.org\/ImageObject\"><div class=\"envira-gallery-item-inner\"><div class=\"envira-gallery-position-overlay  envira-gallery-top-left\"><\/div><div class=\"envira-gallery-position-overlay  envira-gallery-top-right\"><\/div><div class=\"envira-gallery-position-overlay  envira-gallery-bottom-left\"><\/div><div class=\"envira-gallery-position-overlay  envira-gallery-bottom-right\"><\/div><a href=\"https:\/\/allcars.fr\/wp-content\/uploads\/2023\/02\/12_20230220_143952-scaled.jpg\" class=\"envira-gallery-5434 envira-gallery-link\" rel=\"enviragallery5434\" title=\"12_20230220_143952\" data-envira-caption=\"12_20230220_143952\" data-envira-retina=\"\" data-thumbnail=\"\"  itemprop=\"contentUrl\"><img decoding=\"async\" id=\"envira-gallery-image-5399\" class=\"envira-gallery-image envira-gallery-image-2 envira-normal envira-lazy\" data-envira-index=\"2\" src=\"https:\/\/allcars.fr\/wp-content\/uploads\/2023\/02\/12_20230220_143952-1024x768-640x480.jpg\" data-envira-src=\"https:\/\/allcars.fr\/wp-content\/uploads\/2023\/02\/12_20230220_143952-1024x768-640x480.jpg\" data-envira-gallery-id=\"5434\" data-envira-item-id=\"5399\" data-envira-caption=\"12_20230220_143952\" alt=\"\" title=\"12_20230220_143952\"  itemprop=\"thumbnailUrl\" data-envira-srcset=\"https:\/\/allcars.fr\/wp-content\/uploads\/2023\/02\/12_20230220_143952-1024x768-640x480.jpg 400w,https:\/\/allcars.fr\/wp-content\/uploads\/2023\/02\/12_20230220_143952-1024x768-640x480.jpg 2x\" data-envira-width=\"300\" data-envira-height=\"225\" srcset=\"data:image\/gif;base64,R0lGODlhAQABAIAAAP\/\/\/\/\/\/\/yH5BAEKAAEALAAAAAABAAEAAAICTAEAOw==\" data-safe-src=\"data:image\/gif;base64,R0lGODlhAQABAIAAAP\/\/\/\/\/\/\/yH5BAEKAAEALAAAAAABAAEAAAICTAEAOw==\" \/><\/a><\/div><\/div><div id=\"envira-gallery-item-5398\" class=\"envira-gallery-item enviratope-item envira-gallery-item-3 envira-lazy-load\" style=\"padding-left: 1px; padding-bottom: 1px; padding-right: 1px;\"  itemscope itemtype=\"https:\/\/schema.org\/ImageObject\"><div class=\"envira-gallery-item-inner\"><div class=\"envira-gallery-position-overlay  envira-gallery-top-left\"><\/div><div class=\"envira-gallery-position-overlay  envira-gallery-top-right\"><\/div><div class=\"envira-gallery-position-overlay  envira-gallery-bottom-left\"><\/div><div class=\"envira-gallery-position-overlay  envira-gallery-bottom-right\"><\/div><a href=\"https:\/\/allcars.fr\/wp-content\/uploads\/2023\/02\/11_20230220_143824-scaled.jpg\" class=\"envira-gallery-5434 envira-gallery-link\" rel=\"enviragallery5434\" title=\"11_20230220_143824\" data-envira-caption=\"11_20230220_143824\" data-envira-retina=\"\" data-thumbnail=\"\"  itemprop=\"contentUrl\"><img decoding=\"async\" id=\"envira-gallery-image-5398\" class=\"envira-gallery-image envira-gallery-image-3 envira-normal envira-lazy\" data-envira-index=\"3\" src=\"https:\/\/allcars.fr\/wp-content\/uploads\/2023\/02\/11_20230220_143824-1024x768-640x480.jpg\" data-envira-src=\"https:\/\/allcars.fr\/wp-content\/uploads\/2023\/02\/11_20230220_143824-1024x768-640x480.jpg\" data-envira-gallery-id=\"5434\" data-envira-item-id=\"5398\" data-envira-caption=\"11_20230220_143824\" alt=\"\" title=\"11_20230220_143824\"  itemprop=\"thumbnailUrl\" data-envira-srcset=\"https:\/\/allcars.fr\/wp-content\/uploads\/2023\/02\/11_20230220_143824-1024x768-640x480.jpg 400w,https:\/\/allcars.fr\/wp-content\/uploads\/2023\/02\/11_20230220_143824-1024x768-640x480.jpg 2x\" data-envira-width=\"300\" data-envira-height=\"225\" srcset=\"data:image\/gif;base64,R0lGODlhAQABAIAAAP\/\/\/\/\/\/\/yH5BAEKAAEALAAAAAABAAEAAAICTAEAOw==\" data-safe-src=\"data:image\/gif;base64,R0lGODlhAQABAIAAAP\/\/\/\/\/\/\/yH5BAEKAAEALAAAAAABAAEAAAICTAEAOw==\" \/><\/a><\/div><\/div><div id=\"envira-gallery-item-5396\" class=\"envira-gallery-item enviratope-item envira-gallery-item-4 envira-lazy-load\" style=\"padding-left: 1px; padding-bottom: 1px; padding-right: 1px;\"  itemscope itemtype=\"https:\/\/schema.org\/ImageObject\"><div class=\"envira-gallery-item-inner\"><div class=\"envira-gallery-position-overlay  envira-gallery-top-left\"><\/div><div class=\"envira-gallery-position-overlay  envira-gallery-top-right\"><\/div><div class=\"envira-gallery-position-overlay  envira-gallery-bottom-left\"><\/div><div class=\"envira-gallery-position-overlay  envira-gallery-bottom-right\"><\/div><a href=\"https:\/\/allcars.fr\/wp-content\/uploads\/2023\/02\/07_20230220_143901-scaled.jpg\" class=\"envira-gallery-5434 envira-gallery-link\" rel=\"enviragallery5434\" title=\"07_20230220_143901\" data-envira-caption=\"07_20230220_143901\" data-envira-retina=\"\" data-thumbnail=\"\"  itemprop=\"contentUrl\"><img decoding=\"async\" id=\"envira-gallery-image-5396\" class=\"envira-gallery-image envira-gallery-image-4 envira-normal envira-lazy\" data-envira-index=\"4\" src=\"https:\/\/allcars.fr\/wp-content\/uploads\/2023\/02\/07_20230220_143901-1024x768-640x480.jpg\" data-envira-src=\"https:\/\/allcars.fr\/wp-content\/uploads\/2023\/02\/07_20230220_143901-1024x768-640x480.jpg\" data-envira-gallery-id=\"5434\" data-envira-item-id=\"5396\" data-envira-caption=\"07_20230220_143901\" alt=\"\" title=\"07_20230220_143901\"  itemprop=\"thumbnailUrl\" data-envira-srcset=\"https:\/\/allcars.fr\/wp-content\/uploads\/2023\/02\/07_20230220_143901-1024x768-640x480.jpg 400w,https:\/\/allcars.fr\/wp-content\/uploads\/2023\/02\/07_20230220_143901-1024x768-640x480.jpg 2x\" data-envira-width=\"300\" data-envira-height=\"225\" srcset=\"data:image\/gif;base64,R0lGODlhAQABAIAAAP\/\/\/\/\/\/\/yH5BAEKAAEALAAAAAABAAEAAAICTAEAOw==\" data-safe-src=\"data:image\/gif;base64,R0lGODlhAQABAIAAAP\/\/\/\/\/\/\/yH5BAEKAAEALAAAAAABAAEAAAICTAEAOw==\" \/><\/a><\/div><\/div><div id=\"envira-gallery-item-5390\" class=\"envira-gallery-item enviratope-item envira-gallery-item-5 envira-lazy-load\" style=\"padding-left: 1px; padding-bottom: 1px; padding-right: 1px;\"  itemscope itemtype=\"https:\/\/schema.org\/ImageObject\"><div class=\"envira-gallery-item-inner\"><div class=\"envira-gallery-position-overlay  envira-gallery-top-left\"><\/div><div class=\"envira-gallery-position-overlay  envira-gallery-top-right\"><\/div><div class=\"envira-gallery-position-overlay  envira-gallery-bottom-left\"><\/div><div class=\"envira-gallery-position-overlay  envira-gallery-bottom-right\"><\/div><a href=\"https:\/\/allcars.fr\/wp-content\/uploads\/2023\/02\/10_20230220_143815-scaled.jpg\" class=\"envira-gallery-5434 envira-gallery-link\" rel=\"enviragallery5434\" title=\"10_20230220_143815\" data-envira-caption=\"10_20230220_143815\" data-envira-retina=\"\" data-thumbnail=\"\"  itemprop=\"contentUrl\"><img decoding=\"async\" id=\"envira-gallery-image-5390\" class=\"envira-gallery-image envira-gallery-image-5 envira-normal envira-lazy\" data-envira-index=\"5\" src=\"https:\/\/allcars.fr\/wp-content\/uploads\/2023\/02\/10_20230220_143815-1024x768-640x480.jpg\" data-envira-src=\"https:\/\/allcars.fr\/wp-content\/uploads\/2023\/02\/10_20230220_143815-1024x768-640x480.jpg\" data-envira-gallery-id=\"5434\" data-envira-item-id=\"5390\" data-envira-caption=\"10_20230220_143815\" alt=\"\" title=\"10_20230220_143815\"  itemprop=\"thumbnailUrl\" data-envira-srcset=\"https:\/\/allcars.fr\/wp-content\/uploads\/2023\/02\/10_20230220_143815-1024x768-640x480.jpg 400w,https:\/\/allcars.fr\/wp-content\/uploads\/2023\/02\/10_20230220_143815-1024x768-640x480.jpg 2x\" data-envira-width=\"300\" data-envira-height=\"225\" srcset=\"data:image\/gif;base64,R0lGODlhAQABAIAAAP\/\/\/\/\/\/\/yH5BAEKAAEALAAAAAABAAEAAAICTAEAOw==\" data-safe-src=\"data:image\/gif;base64,R0lGODlhAQABAIAAAP\/\/\/\/\/\/\/yH5BAEKAAEALAAAAAABAAEAAAICTAEAOw==\" \/><\/a><\/div><\/div><div id=\"envira-gallery-item-5392\" class=\"envira-gallery-item enviratope-item envira-gallery-item-6 envira-lazy-load\" style=\"padding-left: 1px; padding-bottom: 1px; padding-right: 1px;\"  itemscope itemtype=\"https:\/\/schema.org\/ImageObject\"><div class=\"envira-gallery-item-inner\"><div class=\"envira-gallery-position-overlay  envira-gallery-top-left\"><\/div><div class=\"envira-gallery-position-overlay  envira-gallery-top-right\"><\/div><div class=\"envira-gallery-position-overlay  envira-gallery-bottom-left\"><\/div><div class=\"envira-gallery-position-overlay  envira-gallery-bottom-right\"><\/div><a href=\"https:\/\/allcars.fr\/wp-content\/uploads\/2023\/02\/08_20230220_143759-scaled.jpg\" class=\"envira-gallery-5434 envira-gallery-link\" rel=\"enviragallery5434\" title=\"08_20230220_143759\" data-envira-caption=\"08_20230220_143759\" data-envira-retina=\"\" data-thumbnail=\"\"  itemprop=\"contentUrl\"><img decoding=\"async\" id=\"envira-gallery-image-5392\" class=\"envira-gallery-image envira-gallery-image-6 envira-normal envira-lazy\" data-envira-index=\"6\" src=\"https:\/\/allcars.fr\/wp-content\/uploads\/2023\/02\/08_20230220_143759-1024x768-640x480.jpg\" data-envira-src=\"https:\/\/allcars.fr\/wp-content\/uploads\/2023\/02\/08_20230220_143759-1024x768-640x480.jpg\" data-envira-gallery-id=\"5434\" data-envira-item-id=\"5392\" data-envira-caption=\"08_20230220_143759\" alt=\"\" title=\"08_20230220_143759\"  itemprop=\"thumbnailUrl\" data-envira-srcset=\"https:\/\/allcars.fr\/wp-content\/uploads\/2023\/02\/08_20230220_143759-1024x768-640x480.jpg 400w,https:\/\/allcars.fr\/wp-content\/uploads\/2023\/02\/08_20230220_143759-1024x768-640x480.jpg 2x\" data-envira-width=\"300\" data-envira-height=\"225\" srcset=\"data:image\/gif;base64,R0lGODlhAQABAIAAAP\/\/\/\/\/\/\/yH5BAEKAAEALAAAAAABAAEAAAICTAEAOw==\" data-safe-src=\"data:image\/gif;base64,R0lGODlhAQABAIAAAP\/\/\/\/\/\/\/yH5BAEKAAEALAAAAAABAAEAAAICTAEAOw==\" \/><\/a><\/div><\/div><div id=\"envira-gallery-item-5394\" class=\"envira-gallery-item enviratope-item envira-gallery-item-7 envira-lazy-load\" style=\"padding-left: 1px; padding-bottom: 1px; padding-right: 1px;\"  itemscope itemtype=\"https:\/\/schema.org\/ImageObject\"><div class=\"envira-gallery-item-inner\"><div class=\"envira-gallery-position-overlay  envira-gallery-top-left\"><\/div><div class=\"envira-gallery-position-overlay  envira-gallery-top-right\"><\/div><div class=\"envira-gallery-position-overlay  envira-gallery-bottom-left\"><\/div><div class=\"envira-gallery-position-overlay  envira-gallery-bottom-right\"><\/div><a href=\"https:\/\/allcars.fr\/wp-content\/uploads\/2023\/02\/06_20230220_143844-scaled.jpg\" class=\"envira-gallery-5434 envira-gallery-link\" rel=\"enviragallery5434\" title=\"06_20230220_143844\" data-envira-caption=\"06_20230220_143844\" data-envira-retina=\"\" data-thumbnail=\"\"  itemprop=\"contentUrl\"><img decoding=\"async\" id=\"envira-gallery-image-5394\" class=\"envira-gallery-image envira-gallery-image-7 envira-normal envira-lazy\" data-envira-index=\"7\" src=\"https:\/\/allcars.fr\/wp-content\/uploads\/2023\/02\/06_20230220_143844-1024x768-640x480.jpg\" data-envira-src=\"https:\/\/allcars.fr\/wp-content\/uploads\/2023\/02\/06_20230220_143844-1024x768-640x480.jpg\" data-envira-gallery-id=\"5434\" data-envira-item-id=\"5394\" data-envira-caption=\"06_20230220_143844\" alt=\"\" title=\"06_20230220_143844\"  itemprop=\"thumbnailUrl\" data-envira-srcset=\"https:\/\/allcars.fr\/wp-content\/uploads\/2023\/02\/06_20230220_143844-1024x768-640x480.jpg 400w,https:\/\/allcars.fr\/wp-content\/uploads\/2023\/02\/06_20230220_143844-1024x768-640x480.jpg 2x\" data-envira-width=\"300\" data-envira-height=\"225\" srcset=\"data:image\/gif;base64,R0lGODlhAQABAIAAAP\/\/\/\/\/\/\/yH5BAEKAAEALAAAAAABAAEAAAICTAEAOw==\" data-safe-src=\"data:image\/gif;base64,R0lGODlhAQABAIAAAP\/\/\/\/\/\/\/yH5BAEKAAEALAAAAAABAAEAAAICTAEAOw==\" \/><\/a><\/div><\/div><div id=\"envira-gallery-item-5391\" class=\"envira-gallery-item enviratope-item envira-gallery-item-8 envira-lazy-load\" style=\"padding-left: 1px; padding-bottom: 1px; padding-right: 1px;\"  itemscope itemtype=\"https:\/\/schema.org\/ImageObject\"><div class=\"envira-gallery-item-inner\"><div class=\"envira-gallery-position-overlay  envira-gallery-top-left\"><\/div><div class=\"envira-gallery-position-overlay  envira-gallery-top-right\"><\/div><div class=\"envira-gallery-position-overlay  envira-gallery-bottom-left\"><\/div><div class=\"envira-gallery-position-overlay  envira-gallery-bottom-right\"><\/div><a href=\"https:\/\/allcars.fr\/wp-content\/uploads\/2023\/02\/05_20230220_143836-scaled.jpg\" class=\"envira-gallery-5434 envira-gallery-link\" rel=\"enviragallery5434\" title=\"05_20230220_143836\" data-envira-caption=\"05_20230220_143836\" data-envira-retina=\"\" data-thumbnail=\"\"  itemprop=\"contentUrl\"><img decoding=\"async\" id=\"envira-gallery-image-5391\" class=\"envira-gallery-image envira-gallery-image-8 envira-normal envira-lazy\" data-envira-index=\"8\" src=\"https:\/\/allcars.fr\/wp-content\/uploads\/2023\/02\/05_20230220_143836-1024x768-640x480.jpg\" data-envira-src=\"https:\/\/allcars.fr\/wp-content\/uploads\/2023\/02\/05_20230220_143836-1024x768-640x480.jpg\" data-envira-gallery-id=\"5434\" data-envira-item-id=\"5391\" data-envira-caption=\"05_20230220_143836\" alt=\"\" title=\"05_20230220_143836\"  itemprop=\"thumbnailUrl\" data-envira-srcset=\"https:\/\/allcars.fr\/wp-content\/uploads\/2023\/02\/05_20230220_143836-1024x768-640x480.jpg 400w,https:\/\/allcars.fr\/wp-content\/uploads\/2023\/02\/05_20230220_143836-1024x768-640x480.jpg 2x\" data-envira-width=\"300\" data-envira-height=\"225\" srcset=\"data:image\/gif;base64,R0lGODlhAQABAIAAAP\/\/\/\/\/\/\/yH5BAEKAAEALAAAAAABAAEAAAICTAEAOw==\" data-safe-src=\"data:image\/gif;base64,R0lGODlhAQABAIAAAP\/\/\/\/\/\/\/yH5BAEKAAEALAAAAAABAAEAAAICTAEAOw==\" \/><\/a><\/div><\/div><div id=\"envira-gallery-item-5393\" class=\"envira-gallery-item enviratope-item envira-gallery-item-9 envira-lazy-load\" style=\"padding-left: 1px; padding-bottom: 1px; padding-right: 1px;\"  itemscope itemtype=\"https:\/\/schema.org\/ImageObject\"><div class=\"envira-gallery-item-inner\"><div class=\"envira-gallery-position-overlay  envira-gallery-top-left\"><\/div><div class=\"envira-gallery-position-overlay  envira-gallery-top-right\"><\/div><div class=\"envira-gallery-position-overlay  envira-gallery-bottom-left\"><\/div><div class=\"envira-gallery-position-overlay  envira-gallery-bottom-right\"><\/div><a href=\"https:\/\/allcars.fr\/wp-content\/uploads\/2023\/02\/01_20230220_143753-scaled.jpg\" class=\"envira-gallery-5434 envira-gallery-link\" rel=\"enviragallery5434\" title=\"01_20230220_143753\" data-envira-caption=\"01_20230220_143753\" data-envira-retina=\"\" data-thumbnail=\"\"  itemprop=\"contentUrl\"><img decoding=\"async\" id=\"envira-gallery-image-5393\" class=\"envira-gallery-image envira-gallery-image-9 envira-normal envira-lazy\" data-envira-index=\"9\" src=\"https:\/\/allcars.fr\/wp-content\/uploads\/2023\/02\/01_20230220_143753-1024x768-640x480.jpg\" data-envira-src=\"https:\/\/allcars.fr\/wp-content\/uploads\/2023\/02\/01_20230220_143753-1024x768-640x480.jpg\" data-envira-gallery-id=\"5434\" data-envira-item-id=\"5393\" data-envira-caption=\"01_20230220_143753\" alt=\"\" title=\"01_20230220_143753\"  itemprop=\"thumbnailUrl\" data-envira-srcset=\"https:\/\/allcars.fr\/wp-content\/uploads\/2023\/02\/01_20230220_143753-1024x768-640x480.jpg 400w,https:\/\/allcars.fr\/wp-content\/uploads\/2023\/02\/01_20230220_143753-1024x768-640x480.jpg 2x\" data-envira-width=\"300\" data-envira-height=\"225\" srcset=\"data:image\/gif;base64,R0lGODlhAQABAIAAAP\/\/\/\/\/\/\/yH5BAEKAAEALAAAAAABAAEAAAICTAEAOw==\" data-safe-src=\"data:image\/gif;base64,R0lGODlhAQABAIAAAP\/\/\/\/\/\/\/yH5BAEKAAEALAAAAAABAAEAAAICTAEAOw==\" \/><\/a><\/div><\/div><div id=\"envira-gallery-item-5395\" class=\"envira-gallery-item enviratope-item envira-gallery-item-10 envira-lazy-load\" style=\"padding-left: 1px; padding-bottom: 1px; padding-right: 1px;\"  itemscope itemtype=\"https:\/\/schema.org\/ImageObject\"><div class=\"envira-gallery-item-inner\"><div class=\"envira-gallery-position-overlay  envira-gallery-top-left\"><\/div><div class=\"envira-gallery-position-overlay  envira-gallery-top-right\"><\/div><div class=\"envira-gallery-position-overlay  envira-gallery-bottom-left\"><\/div><div class=\"envira-gallery-position-overlay  envira-gallery-bottom-right\"><\/div><a href=\"https:\/\/allcars.fr\/wp-content\/uploads\/2023\/02\/09_20230220_143806-scaled.jpg\" class=\"envira-gallery-5434 envira-gallery-link\" rel=\"enviragallery5434\" title=\"09_20230220_143806\" data-envira-caption=\"09_20230220_143806\" data-envira-retina=\"\" data-thumbnail=\"\"  itemprop=\"contentUrl\"><img decoding=\"async\" id=\"envira-gallery-image-5395\" class=\"envira-gallery-image envira-gallery-image-10 envira-normal envira-lazy\" data-envira-index=\"10\" src=\"https:\/\/allcars.fr\/wp-content\/uploads\/2023\/02\/09_20230220_143806-1024x768-640x480.jpg\" data-envira-src=\"https:\/\/allcars.fr\/wp-content\/uploads\/2023\/02\/09_20230220_143806-1024x768-640x480.jpg\" data-envira-gallery-id=\"5434\" data-envira-item-id=\"5395\" data-envira-caption=\"09_20230220_143806\" alt=\"\" title=\"09_20230220_143806\"  itemprop=\"thumbnailUrl\" data-envira-srcset=\"https:\/\/allcars.fr\/wp-content\/uploads\/2023\/02\/09_20230220_143806-1024x768-640x480.jpg 400w,https:\/\/allcars.fr\/wp-content\/uploads\/2023\/02\/09_20230220_143806-1024x768-640x480.jpg 2x\" data-envira-width=\"300\" data-envira-height=\"225\" srcset=\"data:image\/gif;base64,R0lGODlhAQABAIAAAP\/\/\/\/\/\/\/yH5BAEKAAEALAAAAAABAAEAAAICTAEAOw==\" data-safe-src=\"data:image\/gif;base64,R0lGODlhAQABAIAAAP\/\/\/\/\/\/\/yH5BAEKAAEALAAAAAABAAEAAAICTAEAOw==\" \/><\/a><\/div><\/div><div id=\"envira-gallery-item-5389\" class=\"envira-gallery-item enviratope-item envira-gallery-item-11 envira-lazy-load\" style=\"padding-left: 1px; padding-bottom: 1px; padding-right: 1px;\"  itemscope itemtype=\"https:\/\/schema.org\/ImageObject\"><div class=\"envira-gallery-item-inner\"><div class=\"envira-gallery-position-overlay  envira-gallery-top-left\"><\/div><div class=\"envira-gallery-position-overlay  envira-gallery-top-right\"><\/div><div class=\"envira-gallery-position-overlay  envira-gallery-bottom-left\"><\/div><div class=\"envira-gallery-position-overlay  envira-gallery-bottom-right\"><\/div><a href=\"https:\/\/allcars.fr\/wp-content\/uploads\/2023\/02\/04_20230220_143739-scaled.jpg\" class=\"envira-gallery-5434 envira-gallery-link\" rel=\"enviragallery5434\" title=\"04_20230220_143739\" data-envira-caption=\"04_20230220_143739\" data-envira-retina=\"\" data-thumbnail=\"\"  itemprop=\"contentUrl\"><img decoding=\"async\" id=\"envira-gallery-image-5389\" class=\"envira-gallery-image envira-gallery-image-11 envira-normal envira-lazy\" data-envira-index=\"11\" src=\"https:\/\/allcars.fr\/wp-content\/uploads\/2023\/02\/04_20230220_143739-1024x768-640x480.jpg\" data-envira-src=\"https:\/\/allcars.fr\/wp-content\/uploads\/2023\/02\/04_20230220_143739-1024x768-640x480.jpg\" data-envira-gallery-id=\"5434\" data-envira-item-id=\"5389\" data-envira-caption=\"04_20230220_143739\" alt=\"\" title=\"04_20230220_143739\"  itemprop=\"thumbnailUrl\" data-envira-srcset=\"https:\/\/allcars.fr\/wp-content\/uploads\/2023\/02\/04_20230220_143739-1024x768-640x480.jpg 400w,https:\/\/allcars.fr\/wp-content\/uploads\/2023\/02\/04_20230220_143739-1024x768-640x480.jpg 2x\" data-envira-width=\"300\" data-envira-height=\"225\" srcset=\"data:image\/gif;base64,R0lGODlhAQABAIAAAP\/\/\/\/\/\/\/yH5BAEKAAEALAAAAAABAAEAAAICTAEAOw==\" data-safe-src=\"data:image\/gif;base64,R0lGODlhAQABAIAAAP\/\/\/\/\/\/\/yH5BAEKAAEALAAAAAABAAEAAAICTAEAOw==\" \/><\/a><\/div><\/div><div id=\"envira-gallery-item-5388\" class=\"envira-gallery-item enviratope-item envira-gallery-item-12 envira-lazy-load\" style=\"padding-left: 1px; padding-bottom: 1px; padding-right: 1px;\"  itemscope itemtype=\"https:\/\/schema.org\/ImageObject\"><div class=\"envira-gallery-item-inner\"><div class=\"envira-gallery-position-overlay  envira-gallery-top-left\"><\/div><div class=\"envira-gallery-position-overlay  envira-gallery-top-right\"><\/div><div class=\"envira-gallery-position-overlay  envira-gallery-bottom-left\"><\/div><div class=\"envira-gallery-position-overlay  envira-gallery-bottom-right\"><\/div><a href=\"https:\/\/allcars.fr\/wp-content\/uploads\/2023\/02\/02_20230220_143720-scaled.jpg\" class=\"envira-gallery-5434 envira-gallery-link\" rel=\"enviragallery5434\" title=\"02_20230220_143720\" data-envira-caption=\"02_20230220_143720\" data-envira-retina=\"\" data-thumbnail=\"\"  itemprop=\"contentUrl\"><img decoding=\"async\" id=\"envira-gallery-image-5388\" class=\"envira-gallery-image envira-gallery-image-12 envira-normal envira-lazy\" data-envira-index=\"12\" src=\"https:\/\/allcars.fr\/wp-content\/uploads\/2023\/02\/02_20230220_143720-1024x768-640x480.jpg\" data-envira-src=\"https:\/\/allcars.fr\/wp-content\/uploads\/2023\/02\/02_20230220_143720-1024x768-640x480.jpg\" data-envira-gallery-id=\"5434\" data-envira-item-id=\"5388\" data-envira-caption=\"02_20230220_143720\" alt=\"\" title=\"02_20230220_143720\"  itemprop=\"thumbnailUrl\" data-envira-srcset=\"https:\/\/allcars.fr\/wp-content\/uploads\/2023\/02\/02_20230220_143720-1024x768-640x480.jpg 400w,https:\/\/allcars.fr\/wp-content\/uploads\/2023\/02\/02_20230220_143720-1024x768-640x480.jpg 2x\" data-envira-width=\"300\" data-envira-height=\"225\" srcset=\"data:image\/gif;base64,R0lGODlhAQABAIAAAP\/\/\/\/\/\/\/yH5BAEKAAEALAAAAAABAAEAAAICTAEAOw==\" data-safe-src=\"data:image\/gif;base64,R0lGODlhAQABAIAAAP\/\/\/\/\/\/\/yH5BAEKAAEALAAAAAABAAEAAAICTAEAOw==\" \/><\/a><\/div><\/div><\/div><\/div><noscript><img decoding=\"async\" src=\"https:\/\/allcars.fr\/wp-content\/uploads\/2023\/02\/03_20230220_143731-scaled.jpg\" alt=\"\" \/><img decoding=\"async\" src=\"https:\/\/allcars.fr\/wp-content\/uploads\/2023\/02\/12_20230220_143952-scaled.jpg\" alt=\"\" \/><img decoding=\"async\" src=\"https:\/\/allcars.fr\/wp-content\/uploads\/2023\/02\/11_20230220_143824-scaled.jpg\" alt=\"\" \/><img decoding=\"async\" src=\"https:\/\/allcars.fr\/wp-content\/uploads\/2023\/02\/07_20230220_143901-scaled.jpg\" alt=\"\" \/><img decoding=\"async\" src=\"https:\/\/allcars.fr\/wp-content\/uploads\/2023\/02\/10_20230220_143815-scaled.jpg\" alt=\"\" \/><img decoding=\"async\" src=\"https:\/\/allcars.fr\/wp-content\/uploads\/2023\/02\/08_20230220_143759-scaled.jpg\" alt=\"\" \/><img decoding=\"async\" src=\"https:\/\/allcars.fr\/wp-content\/uploads\/2023\/02\/06_20230220_143844-scaled.jpg\" alt=\"\" \/><img decoding=\"async\" src=\"https:\/\/allcars.fr\/wp-content\/uploads\/2023\/02\/05_20230220_143836-scaled.jpg\" alt=\"\" \/><img decoding=\"async\" src=\"https:\/\/allcars.fr\/wp-content\/uploads\/2023\/02\/01_20230220_143753-scaled.jpg\" alt=\"\" \/><img decoding=\"async\" src=\"https:\/\/allcars.fr\/wp-content\/uploads\/2023\/02\/09_20230220_143806-scaled.jpg\" alt=\"\" \/><img decoding=\"async\" src=\"https:\/\/allcars.fr\/wp-content\/uploads\/2023\/02\/04_20230220_143739-scaled.jpg\" alt=\"\" \/><img decoding=\"async\" src=\"https:\/\/allcars.fr\/wp-content\/uploads\/2023\/02\/02_20230220_143720-scaled.jpg\" alt=\"\" \/><\/noscript><\/div>\n\n\n\n<p class=\"has-medium-font-size\">Mercedes Benz Classe A 200 TURBO<br>2L Turbo 193CH 12CV.<br>Finition POLAR STAR (import\u00e9 d\u2019Allemagne en 2013).<br>Ann\u00e9e 2006.<\/p>\n\n\n\n<p class=\"has-medium-font-size\">204 000 km environ.<br>M\u00eame propri\u00e9taire depuis 2013 (initialement au nom de la soci\u00e9t\u00e9 puis, \u00e0 mon nom propre).<\/p>\n\n\n\n<p class=\"has-medium-font-size\">Entretien chez MB 94, puis garage MANNES Ivry (sp\u00e9cialiste voitures allemandes).<br>Respect des recommandations d\u2019entretiens MB.<br>Entretien \u00e0 jour (dossier factures disponible).<br>Aucun frais \u00e0 pr\u00e9voir.<\/p>\n\n\n\n<p class=\"has-medium-font-size\"><\/p>\n\n\n\n<p class=\"has-medium-font-size\">CT OK.<\/p>\n\n\n\n<p class=\"has-medium-font-size\">Options : <\/p>\n\n\n\n<p class=\"has-medium-font-size\">&#8211; Toit ouvrant.<\/p>\n\n\n\n<p class=\"has-medium-font-size\">&#8211; attache remorque amovible. <\/p>\n\n\n\n<p class=\"has-medium-font-size\">&#8211; Suite \u00e0 poste radio d&rsquo;origine en panne, installation d&rsquo;un poste \u00e0 \u00e9cran tactile 9 &lsquo; &lsquo; (qualit\u00e9 moyenne mais cela d\u00e9panne). <\/p>\n\n\n\n<p class=\"has-medium-font-size\">&#8211; Tapis de sol (POLAR STAR).<\/p>\n\n\n\n<p class=\"has-medium-font-size\"><\/p>\n\n\n\n<p class=\"has-medium-font-size\">D\u00e9fauts : <\/p>\n\n\n\n<p class=\"has-medium-font-size\">&#8211; V\u00e9hicule anciennement vandalis\u00e9. Rayures tout autour du v\u00e9hicule. <\/p>\n\n\n\n<p class=\"has-medium-font-size\">&#8211; Traces de chocs \/ frottement AVD, AVG, ARD, ARG. <\/p>\n\n\n\n<p class=\"has-medium-font-size\">&#8211; Si\u00e8ge conducteur us\u00e9 (Cf. photos). <\/p>\n\n\n\n<p class=\"has-medium-font-size\">Pr\u00eat \u00e0 parcourir toutes distances.<br>V\u00e9hicule agr\u00e9able \u00e0 conduire.<br>Visible sur Paris 20 \/ Fontenay-sous-Bois (94).<\/p>\n","protected":false},"excerpt":{"rendered":"<p>Mercedes Benz Classe A 200 TURBO2L Turbo 193CH 12CV.Finition POLAR STAR (import\u00e9 d\u2019Allemagne en 2013).Ann\u00e9e 2006. 204 000 km environ.M\u00eame propri\u00e9taire depuis 2013 (initialement au nom de la soci\u00e9t\u00e9 puis, \u00e0 mon nom propre). Entretien chez MB 94, puis garage MANNES Ivry (sp\u00e9cialiste voitures allemandes).Respect des recommandations d\u2019entretiens MB.Entretien \u00e0 jour (dossier factures disponible).Aucun frais &#8230; <a title=\"Mercedes-Benz Classe A &#8211; 200TURBO &#8211; 2006 &#8211; [VENDUE]\" class=\"read-more\" href=\"https:\/\/allcars.fr\/?p=5372\" aria-label=\"En savoir plus sur Mercedes-Benz Classe A &#8211; 200TURBO &#8211; 2006 &#8211; [VENDUE]\">Lire la suite<\/a><\/p>\n","protected":false},"author":1,"featured_media":0,"comment_status":"closed","ping_status":"open","sticky":false,"template":"","format":"standard","meta":{"_jetpack_memberships_contains_paid_content":false,"footnotes":""},"categories":[12,16],"tags":[],"class_list":["post-5372","post","type-post","status-publish","format-standard","hentry","category-annonces-voitures","category-vendus"],"jetpack_featured_media_url":"","jetpack_sharing_enabled":true,"_links":{"self":[{"href":"https:\/\/allcars.fr\/index.php?rest_route=\/wp\/v2\/posts\/5372","targetHints":{"allow":["GET"]}}],"collection":[{"href":"https:\/\/allcars.fr\/index.php?rest_route=\/wp\/v2\/posts"}],"about":[{"href":"https:\/\/allcars.fr\/index.php?rest_route=\/wp\/v2\/types\/post"}],"author":[{"embeddable":true,"href":"https:\/\/allcars.fr\/index.php?rest_route=\/wp\/v2\/users\/1"}],"replies":[{"embeddable":true,"href":"https:\/\/allcars.fr\/index.php?rest_route=%2Fwp%2Fv2%2Fcomments&post=5372"}],"version-history":[{"count":14,"href":"https:\/\/allcars.fr\/index.php?rest_route=\/wp\/v2\/posts\/5372\/revisions"}],"predecessor-version":[{"id":5489,"href":"https:\/\/allcars.fr\/index.php?rest_route=\/wp\/v2\/posts\/5372\/revisions\/5489"}],"wp:attachment":[{"href":"https:\/\/allcars.fr\/index.php?rest_route=%2Fwp%2Fv2%2Fmedia&parent=5372"}],"wp:term":[{"taxonomy":"category","embeddable":true,"href":"https:\/\/allcars.fr\/index.php?rest_route=%2Fwp%2Fv2%2Fcategories&post=5372"},{"taxonomy":"post_tag","embeddable":true,"href":"https:\/\/allcars.fr\/index.php?rest_route=%2Fwp%2Fv2%2Ftags&post=5372"}],"curies":[{"name":"wp","href":"https:\/\/api.w.org\/{rel}","templated":true}]}}