{"id":5316,"date":"2013-10-01T22:26:31","date_gmt":"2013-10-01T20:26:31","guid":{"rendered":"http:\/\/allcars.fr\/?p=5316"},"modified":"2023-03-02T10:01:37","modified_gmt":"2023-03-02T08:01:37","slug":"porsche-911-targa-27-l-1976-brulee","status":"publish","type":"post","link":"https:\/\/allcars.fr\/?p=5316","title":{"rendered":"Porsche 911 Targa 2,7 L &#8211; 1976 &#8211;  [BRULEE]"},"content":{"rendered":"\n<div class=\"wp-block-envira-envira-gallery\"><div id=\"envira-gallery-wrap-5299\" class=\"envira-gallery-wrap envira-gallery-theme-base envira-lightbox-theme-base\" itemscope itemtype=\"https:\/\/schema.org\/ImageGallery\"><div data-row-height=\"150\" data-gallery-theme=\"normal\" id=\"envira-gallery-5299\" class=\"envira-gallery-public envira-gallery-justified-public envira-gallery-0-columns envira-clear enviratope envira-gallery-css-animations\" data-envira-columns=\"0\"><div id=\"envira-gallery-item-5300\" class=\"envira-gallery-item enviratope-item envira-gallery-item-1 envira-lazy-load\" style=\"padding-left: 1px; padding-bottom: 1px; padding-right: 1px;\"  itemscope itemtype=\"https:\/\/schema.org\/ImageObject\"><div class=\"envira-gallery-item-inner\"><div class=\"envira-gallery-position-overlay  envira-gallery-top-left\"><\/div><div class=\"envira-gallery-position-overlay  envira-gallery-top-right\"><\/div><div class=\"envira-gallery-position-overlay  envira-gallery-bottom-left\"><\/div><div class=\"envira-gallery-position-overlay  envira-gallery-bottom-right\"><\/div><a href=\"http:\/\/allcars.fr\/wp-content\/uploads\/2020\/10\/IMG_1251-scaled.jpg\" class=\"envira-gallery-5299 envira-gallery-link\" rel=\"enviragallery5299\" title=\"IMG_1251\" data-envira-caption=\"IMG_1251\" data-envira-retina=\"\" data-thumbnail=\"\"  itemprop=\"contentUrl\"><img decoding=\"async\" id=\"envira-gallery-image-5300\" class=\"envira-gallery-image envira-gallery-image-1 envira-normal envira-lazy\" data-envira-index=\"1\" src=\"https:\/\/allcars.fr\/wp-content\/uploads\/2020\/10\/IMG_1251-1024x768-640x480.jpg\" data-envira-src=\"https:\/\/allcars.fr\/wp-content\/uploads\/2020\/10\/IMG_1251-1024x768-640x480.jpg\" data-envira-gallery-id=\"5299\" data-envira-item-id=\"5300\" data-envira-caption=\"IMG_1251\" alt=\"\" title=\"IMG_1251\"  itemprop=\"thumbnailUrl\" data-envira-srcset=\"https:\/\/allcars.fr\/wp-content\/uploads\/2020\/10\/IMG_1251-1024x768-640x480.jpg 400w,https:\/\/allcars.fr\/wp-content\/uploads\/2020\/10\/IMG_1251-1024x768-640x480.jpg 2x\" data-envira-width=\"300\" data-envira-height=\"225\" srcset=\"data:image\/gif;base64,R0lGODlhAQABAIAAAP\/\/\/\/\/\/\/yH5BAEKAAEALAAAAAABAAEAAAICTAEAOw==\" data-safe-src=\"data:image\/gif;base64,R0lGODlhAQABAIAAAP\/\/\/\/\/\/\/yH5BAEKAAEALAAAAAABAAEAAAICTAEAOw==\" \/><\/a><\/div><\/div><div id=\"envira-gallery-item-5301\" class=\"envira-gallery-item enviratope-item envira-gallery-item-2 envira-lazy-load\" style=\"padding-left: 1px; padding-bottom: 1px; padding-right: 1px;\"  itemscope itemtype=\"https:\/\/schema.org\/ImageObject\"><div class=\"envira-gallery-item-inner\"><div class=\"envira-gallery-position-overlay  envira-gallery-top-left\"><\/div><div class=\"envira-gallery-position-overlay  envira-gallery-top-right\"><\/div><div class=\"envira-gallery-position-overlay  envira-gallery-bottom-left\"><\/div><div class=\"envira-gallery-position-overlay  envira-gallery-bottom-right\"><\/div><a href=\"http:\/\/allcars.fr\/wp-content\/uploads\/2020\/10\/IMG_1236-scaled.jpg\" class=\"envira-gallery-5299 envira-gallery-link\" rel=\"enviragallery5299\" title=\"IMG_1236\" data-envira-caption=\"IMG_1236\" data-envira-retina=\"\" data-thumbnail=\"\"  itemprop=\"contentUrl\"><img decoding=\"async\" id=\"envira-gallery-image-5301\" class=\"envira-gallery-image envira-gallery-image-2 envira-normal envira-lazy\" data-envira-index=\"2\" src=\"https:\/\/allcars.fr\/wp-content\/uploads\/2020\/10\/IMG_1236-1024x768-640x480.jpg\" data-envira-src=\"https:\/\/allcars.fr\/wp-content\/uploads\/2020\/10\/IMG_1236-1024x768-640x480.jpg\" data-envira-gallery-id=\"5299\" data-envira-item-id=\"5301\" data-envira-caption=\"IMG_1236\" alt=\"\" title=\"IMG_1236\"  itemprop=\"thumbnailUrl\" data-envira-srcset=\"https:\/\/allcars.fr\/wp-content\/uploads\/2020\/10\/IMG_1236-1024x768-640x480.jpg 400w,https:\/\/allcars.fr\/wp-content\/uploads\/2020\/10\/IMG_1236-1024x768-640x480.jpg 2x\" data-envira-width=\"300\" data-envira-height=\"225\" srcset=\"data:image\/gif;base64,R0lGODlhAQABAIAAAP\/\/\/\/\/\/\/yH5BAEKAAEALAAAAAABAAEAAAICTAEAOw==\" data-safe-src=\"data:image\/gif;base64,R0lGODlhAQABAIAAAP\/\/\/\/\/\/\/yH5BAEKAAEALAAAAAABAAEAAAICTAEAOw==\" \/><\/a><\/div><\/div><div id=\"envira-gallery-item-5302\" class=\"envira-gallery-item enviratope-item envira-gallery-item-3 envira-lazy-load\" style=\"padding-left: 1px; padding-bottom: 1px; padding-right: 1px;\"  itemscope itemtype=\"https:\/\/schema.org\/ImageObject\"><div class=\"envira-gallery-item-inner\"><div class=\"envira-gallery-position-overlay  envira-gallery-top-left\"><\/div><div class=\"envira-gallery-position-overlay  envira-gallery-top-right\"><\/div><div class=\"envira-gallery-position-overlay  envira-gallery-bottom-left\"><\/div><div class=\"envira-gallery-position-overlay  envira-gallery-bottom-right\"><\/div><a href=\"http:\/\/allcars.fr\/wp-content\/uploads\/2020\/10\/IMG_1237-scaled.jpg\" class=\"envira-gallery-5299 envira-gallery-link\" rel=\"enviragallery5299\" title=\"IMG_1237\" data-envira-caption=\"IMG_1237\" data-envira-retina=\"\" data-thumbnail=\"\"  itemprop=\"contentUrl\"><img decoding=\"async\" id=\"envira-gallery-image-5302\" class=\"envira-gallery-image envira-gallery-image-3 envira-normal envira-lazy\" data-envira-index=\"3\" src=\"https:\/\/allcars.fr\/wp-content\/uploads\/2020\/10\/IMG_1237-1024x768-640x480.jpg\" data-envira-src=\"https:\/\/allcars.fr\/wp-content\/uploads\/2020\/10\/IMG_1237-1024x768-640x480.jpg\" data-envira-gallery-id=\"5299\" data-envira-item-id=\"5302\" data-envira-caption=\"IMG_1237\" alt=\"\" title=\"IMG_1237\"  itemprop=\"thumbnailUrl\" data-envira-srcset=\"https:\/\/allcars.fr\/wp-content\/uploads\/2020\/10\/IMG_1237-1024x768-640x480.jpg 400w,https:\/\/allcars.fr\/wp-content\/uploads\/2020\/10\/IMG_1237-1024x768-640x480.jpg 2x\" data-envira-width=\"300\" data-envira-height=\"225\" srcset=\"data:image\/gif;base64,R0lGODlhAQABAIAAAP\/\/\/\/\/\/\/yH5BAEKAAEALAAAAAABAAEAAAICTAEAOw==\" data-safe-src=\"data:image\/gif;base64,R0lGODlhAQABAIAAAP\/\/\/\/\/\/\/yH5BAEKAAEALAAAAAABAAEAAAICTAEAOw==\" \/><\/a><\/div><\/div><div id=\"envira-gallery-item-5303\" class=\"envira-gallery-item enviratope-item envira-gallery-item-4 envira-lazy-load\" style=\"padding-left: 1px; padding-bottom: 1px; padding-right: 1px;\"  itemscope itemtype=\"https:\/\/schema.org\/ImageObject\"><div class=\"envira-gallery-item-inner\"><div class=\"envira-gallery-position-overlay  envira-gallery-top-left\"><\/div><div class=\"envira-gallery-position-overlay  envira-gallery-top-right\"><\/div><div class=\"envira-gallery-position-overlay  envira-gallery-bottom-left\"><\/div><div class=\"envira-gallery-position-overlay  envira-gallery-bottom-right\"><\/div><a href=\"http:\/\/allcars.fr\/wp-content\/uploads\/2020\/10\/IMG_1238-scaled.jpg\" class=\"envira-gallery-5299 envira-gallery-link\" rel=\"enviragallery5299\" title=\"IMG_1238\" data-envira-caption=\"IMG_1238\" data-envira-retina=\"\" data-thumbnail=\"\"  itemprop=\"contentUrl\"><img decoding=\"async\" id=\"envira-gallery-image-5303\" class=\"envira-gallery-image envira-gallery-image-4 envira-normal envira-lazy\" data-envira-index=\"4\" src=\"https:\/\/allcars.fr\/wp-content\/uploads\/2020\/10\/IMG_1238-1024x768-640x480.jpg\" data-envira-src=\"https:\/\/allcars.fr\/wp-content\/uploads\/2020\/10\/IMG_1238-1024x768-640x480.jpg\" data-envira-gallery-id=\"5299\" data-envira-item-id=\"5303\" data-envira-caption=\"IMG_1238\" alt=\"\" title=\"IMG_1238\"  itemprop=\"thumbnailUrl\" data-envira-srcset=\"https:\/\/allcars.fr\/wp-content\/uploads\/2020\/10\/IMG_1238-1024x768-640x480.jpg 400w,https:\/\/allcars.fr\/wp-content\/uploads\/2020\/10\/IMG_1238-1024x768-640x480.jpg 2x\" data-envira-width=\"300\" data-envira-height=\"225\" srcset=\"data:image\/gif;base64,R0lGODlhAQABAIAAAP\/\/\/\/\/\/\/yH5BAEKAAEALAAAAAABAAEAAAICTAEAOw==\" data-safe-src=\"data:image\/gif;base64,R0lGODlhAQABAIAAAP\/\/\/\/\/\/\/yH5BAEKAAEALAAAAAABAAEAAAICTAEAOw==\" \/><\/a><\/div><\/div><div id=\"envira-gallery-item-5304\" class=\"envira-gallery-item enviratope-item envira-gallery-item-5 envira-lazy-load\" style=\"padding-left: 1px; padding-bottom: 1px; padding-right: 1px;\"  itemscope itemtype=\"https:\/\/schema.org\/ImageObject\"><div class=\"envira-gallery-item-inner\"><div class=\"envira-gallery-position-overlay  envira-gallery-top-left\"><\/div><div class=\"envira-gallery-position-overlay  envira-gallery-top-right\"><\/div><div class=\"envira-gallery-position-overlay  envira-gallery-bottom-left\"><\/div><div class=\"envira-gallery-position-overlay  envira-gallery-bottom-right\"><\/div><a href=\"http:\/\/allcars.fr\/wp-content\/uploads\/2020\/10\/IMG_1239-scaled.jpg\" class=\"envira-gallery-5299 envira-gallery-link\" rel=\"enviragallery5299\" title=\"IMG_1239\" data-envira-caption=\"IMG_1239\" data-envira-retina=\"\" data-thumbnail=\"\"  itemprop=\"contentUrl\"><img decoding=\"async\" id=\"envira-gallery-image-5304\" class=\"envira-gallery-image envira-gallery-image-5 envira-normal envira-lazy\" data-envira-index=\"5\" src=\"https:\/\/allcars.fr\/wp-content\/uploads\/2020\/10\/IMG_1239-1024x768-640x480.jpg\" data-envira-src=\"https:\/\/allcars.fr\/wp-content\/uploads\/2020\/10\/IMG_1239-1024x768-640x480.jpg\" data-envira-gallery-id=\"5299\" data-envira-item-id=\"5304\" data-envira-caption=\"IMG_1239\" alt=\"\" title=\"IMG_1239\"  itemprop=\"thumbnailUrl\" data-envira-srcset=\"https:\/\/allcars.fr\/wp-content\/uploads\/2020\/10\/IMG_1239-1024x768-640x480.jpg 400w,https:\/\/allcars.fr\/wp-content\/uploads\/2020\/10\/IMG_1239-1024x768-640x480.jpg 2x\" data-envira-width=\"300\" data-envira-height=\"225\" srcset=\"data:image\/gif;base64,R0lGODlhAQABAIAAAP\/\/\/\/\/\/\/yH5BAEKAAEALAAAAAABAAEAAAICTAEAOw==\" data-safe-src=\"data:image\/gif;base64,R0lGODlhAQABAIAAAP\/\/\/\/\/\/\/yH5BAEKAAEALAAAAAABAAEAAAICTAEAOw==\" \/><\/a><\/div><\/div><div id=\"envira-gallery-item-5305\" class=\"envira-gallery-item enviratope-item envira-gallery-item-6 envira-lazy-load\" style=\"padding-left: 1px; padding-bottom: 1px; padding-right: 1px;\"  itemscope itemtype=\"https:\/\/schema.org\/ImageObject\"><div class=\"envira-gallery-item-inner\"><div class=\"envira-gallery-position-overlay  envira-gallery-top-left\"><\/div><div class=\"envira-gallery-position-overlay  envira-gallery-top-right\"><\/div><div class=\"envira-gallery-position-overlay  envira-gallery-bottom-left\"><\/div><div class=\"envira-gallery-position-overlay  envira-gallery-bottom-right\"><\/div><a href=\"http:\/\/allcars.fr\/wp-content\/uploads\/2020\/10\/IMG_1240-scaled.jpg\" class=\"envira-gallery-5299 envira-gallery-link\" rel=\"enviragallery5299\" title=\"IMG_1240\" data-envira-caption=\"IMG_1240\" data-envira-retina=\"\" data-thumbnail=\"\"  itemprop=\"contentUrl\"><img decoding=\"async\" id=\"envira-gallery-image-5305\" class=\"envira-gallery-image envira-gallery-image-6 envira-normal envira-lazy\" data-envira-index=\"6\" src=\"https:\/\/allcars.fr\/wp-content\/uploads\/2020\/10\/IMG_1240-1024x768-640x480.jpg\" data-envira-src=\"https:\/\/allcars.fr\/wp-content\/uploads\/2020\/10\/IMG_1240-1024x768-640x480.jpg\" data-envira-gallery-id=\"5299\" data-envira-item-id=\"5305\" data-envira-caption=\"IMG_1240\" alt=\"\" title=\"IMG_1240\"  itemprop=\"thumbnailUrl\" data-envira-srcset=\"https:\/\/allcars.fr\/wp-content\/uploads\/2020\/10\/IMG_1240-1024x768-640x480.jpg 400w,https:\/\/allcars.fr\/wp-content\/uploads\/2020\/10\/IMG_1240-1024x768-640x480.jpg 2x\" data-envira-width=\"300\" data-envira-height=\"225\" srcset=\"data:image\/gif;base64,R0lGODlhAQABAIAAAP\/\/\/\/\/\/\/yH5BAEKAAEALAAAAAABAAEAAAICTAEAOw==\" data-safe-src=\"data:image\/gif;base64,R0lGODlhAQABAIAAAP\/\/\/\/\/\/\/yH5BAEKAAEALAAAAAABAAEAAAICTAEAOw==\" \/><\/a><\/div><\/div><div id=\"envira-gallery-item-5306\" class=\"envira-gallery-item enviratope-item envira-gallery-item-7 envira-lazy-load\" style=\"padding-left: 1px; padding-bottom: 1px; padding-right: 1px;\"  itemscope itemtype=\"https:\/\/schema.org\/ImageObject\"><div class=\"envira-gallery-item-inner\"><div class=\"envira-gallery-position-overlay  envira-gallery-top-left\"><\/div><div class=\"envira-gallery-position-overlay  envira-gallery-top-right\"><\/div><div class=\"envira-gallery-position-overlay  envira-gallery-bottom-left\"><\/div><div class=\"envira-gallery-position-overlay  envira-gallery-bottom-right\"><\/div><a href=\"http:\/\/allcars.fr\/wp-content\/uploads\/2020\/10\/IMG_1241-scaled.jpg\" class=\"envira-gallery-5299 envira-gallery-link\" rel=\"enviragallery5299\" title=\"IMG_1241\" data-envira-caption=\"IMG_1241\" data-envira-retina=\"\" data-thumbnail=\"\"  itemprop=\"contentUrl\"><img decoding=\"async\" id=\"envira-gallery-image-5306\" class=\"envira-gallery-image envira-gallery-image-7 envira-normal envira-lazy\" data-envira-index=\"7\" src=\"https:\/\/allcars.fr\/wp-content\/uploads\/2020\/10\/IMG_1241-1024x768-640x480.jpg\" data-envira-src=\"https:\/\/allcars.fr\/wp-content\/uploads\/2020\/10\/IMG_1241-1024x768-640x480.jpg\" data-envira-gallery-id=\"5299\" data-envira-item-id=\"5306\" data-envira-caption=\"IMG_1241\" alt=\"\" title=\"IMG_1241\"  itemprop=\"thumbnailUrl\" data-envira-srcset=\"https:\/\/allcars.fr\/wp-content\/uploads\/2020\/10\/IMG_1241-1024x768-640x480.jpg 400w,https:\/\/allcars.fr\/wp-content\/uploads\/2020\/10\/IMG_1241-1024x768-640x480.jpg 2x\" data-envira-width=\"300\" data-envira-height=\"225\" srcset=\"data:image\/gif;base64,R0lGODlhAQABAIAAAP\/\/\/\/\/\/\/yH5BAEKAAEALAAAAAABAAEAAAICTAEAOw==\" data-safe-src=\"data:image\/gif;base64,R0lGODlhAQABAIAAAP\/\/\/\/\/\/\/yH5BAEKAAEALAAAAAABAAEAAAICTAEAOw==\" \/><\/a><\/div><\/div><div id=\"envira-gallery-item-5307\" class=\"envira-gallery-item enviratope-item envira-gallery-item-8 envira-lazy-load\" style=\"padding-left: 1px; padding-bottom: 1px; padding-right: 1px;\"  itemscope itemtype=\"https:\/\/schema.org\/ImageObject\"><div class=\"envira-gallery-item-inner\"><div class=\"envira-gallery-position-overlay  envira-gallery-top-left\"><\/div><div class=\"envira-gallery-position-overlay  envira-gallery-top-right\"><\/div><div class=\"envira-gallery-position-overlay  envira-gallery-bottom-left\"><\/div><div class=\"envira-gallery-position-overlay  envira-gallery-bottom-right\"><\/div><a href=\"http:\/\/allcars.fr\/wp-content\/uploads\/2020\/10\/IMG_1242-scaled.jpg\" class=\"envira-gallery-5299 envira-gallery-link\" rel=\"enviragallery5299\" title=\"IMG_1242\" data-envira-caption=\"IMG_1242\" data-envira-retina=\"\" data-thumbnail=\"\"  itemprop=\"contentUrl\"><img decoding=\"async\" id=\"envira-gallery-image-5307\" class=\"envira-gallery-image envira-gallery-image-8 envira-normal envira-lazy\" data-envira-index=\"8\" src=\"https:\/\/allcars.fr\/wp-content\/uploads\/2020\/10\/IMG_1242-1024x768-640x480.jpg\" data-envira-src=\"https:\/\/allcars.fr\/wp-content\/uploads\/2020\/10\/IMG_1242-1024x768-640x480.jpg\" data-envira-gallery-id=\"5299\" data-envira-item-id=\"5307\" data-envira-caption=\"IMG_1242\" alt=\"\" title=\"IMG_1242\"  itemprop=\"thumbnailUrl\" data-envira-srcset=\"https:\/\/allcars.fr\/wp-content\/uploads\/2020\/10\/IMG_1242-1024x768-640x480.jpg 400w,https:\/\/allcars.fr\/wp-content\/uploads\/2020\/10\/IMG_1242-1024x768-640x480.jpg 2x\" data-envira-width=\"300\" data-envira-height=\"225\" srcset=\"data:image\/gif;base64,R0lGODlhAQABAIAAAP\/\/\/\/\/\/\/yH5BAEKAAEALAAAAAABAAEAAAICTAEAOw==\" data-safe-src=\"data:image\/gif;base64,R0lGODlhAQABAIAAAP\/\/\/\/\/\/\/yH5BAEKAAEALAAAAAABAAEAAAICTAEAOw==\" \/><\/a><\/div><\/div><div id=\"envira-gallery-item-5308\" class=\"envira-gallery-item enviratope-item envira-gallery-item-9 envira-lazy-load\" style=\"padding-left: 1px; padding-bottom: 1px; padding-right: 1px;\"  itemscope itemtype=\"https:\/\/schema.org\/ImageObject\"><div class=\"envira-gallery-item-inner\"><div class=\"envira-gallery-position-overlay  envira-gallery-top-left\"><\/div><div class=\"envira-gallery-position-overlay  envira-gallery-top-right\"><\/div><div class=\"envira-gallery-position-overlay  envira-gallery-bottom-left\"><\/div><div class=\"envira-gallery-position-overlay  envira-gallery-bottom-right\"><\/div><a href=\"http:\/\/allcars.fr\/wp-content\/uploads\/2020\/10\/IMG_1243-scaled.jpg\" class=\"envira-gallery-5299 envira-gallery-link\" rel=\"enviragallery5299\" title=\"IMG_1243\" data-envira-caption=\"IMG_1243\" data-envira-retina=\"\" data-thumbnail=\"\"  itemprop=\"contentUrl\"><img decoding=\"async\" id=\"envira-gallery-image-5308\" class=\"envira-gallery-image envira-gallery-image-9 envira-normal envira-lazy\" data-envira-index=\"9\" src=\"https:\/\/allcars.fr\/wp-content\/uploads\/2020\/10\/IMG_1243-1024x768-640x480.jpg\" data-envira-src=\"https:\/\/allcars.fr\/wp-content\/uploads\/2020\/10\/IMG_1243-1024x768-640x480.jpg\" data-envira-gallery-id=\"5299\" data-envira-item-id=\"5308\" data-envira-caption=\"IMG_1243\" alt=\"\" title=\"IMG_1243\"  itemprop=\"thumbnailUrl\" data-envira-srcset=\"https:\/\/allcars.fr\/wp-content\/uploads\/2020\/10\/IMG_1243-1024x768-640x480.jpg 400w,https:\/\/allcars.fr\/wp-content\/uploads\/2020\/10\/IMG_1243-1024x768-640x480.jpg 2x\" data-envira-width=\"300\" data-envira-height=\"225\" srcset=\"data:image\/gif;base64,R0lGODlhAQABAIAAAP\/\/\/\/\/\/\/yH5BAEKAAEALAAAAAABAAEAAAICTAEAOw==\" data-safe-src=\"data:image\/gif;base64,R0lGODlhAQABAIAAAP\/\/\/\/\/\/\/yH5BAEKAAEALAAAAAABAAEAAAICTAEAOw==\" \/><\/a><\/div><\/div><div id=\"envira-gallery-item-5309\" class=\"envira-gallery-item enviratope-item envira-gallery-item-10 envira-lazy-load\" style=\"padding-left: 1px; padding-bottom: 1px; padding-right: 1px;\"  itemscope itemtype=\"https:\/\/schema.org\/ImageObject\"><div class=\"envira-gallery-item-inner\"><div class=\"envira-gallery-position-overlay  envira-gallery-top-left\"><\/div><div class=\"envira-gallery-position-overlay  envira-gallery-top-right\"><\/div><div class=\"envira-gallery-position-overlay  envira-gallery-bottom-left\"><\/div><div class=\"envira-gallery-position-overlay  envira-gallery-bottom-right\"><\/div><a href=\"http:\/\/allcars.fr\/wp-content\/uploads\/2020\/10\/IMG_1244-scaled.jpg\" class=\"envira-gallery-5299 envira-gallery-link\" rel=\"enviragallery5299\" title=\"IMG_1244\" data-envira-caption=\"IMG_1244\" data-envira-retina=\"\" data-thumbnail=\"\"  itemprop=\"contentUrl\"><img decoding=\"async\" id=\"envira-gallery-image-5309\" class=\"envira-gallery-image envira-gallery-image-10 envira-normal envira-lazy\" data-envira-index=\"10\" src=\"https:\/\/allcars.fr\/wp-content\/uploads\/2020\/10\/IMG_1244-1024x768-640x480.jpg\" data-envira-src=\"https:\/\/allcars.fr\/wp-content\/uploads\/2020\/10\/IMG_1244-1024x768-640x480.jpg\" data-envira-gallery-id=\"5299\" data-envira-item-id=\"5309\" data-envira-caption=\"IMG_1244\" alt=\"\" title=\"IMG_1244\"  itemprop=\"thumbnailUrl\" data-envira-srcset=\"https:\/\/allcars.fr\/wp-content\/uploads\/2020\/10\/IMG_1244-1024x768-640x480.jpg 400w,https:\/\/allcars.fr\/wp-content\/uploads\/2020\/10\/IMG_1244-1024x768-640x480.jpg 2x\" data-envira-width=\"300\" data-envira-height=\"225\" srcset=\"data:image\/gif;base64,R0lGODlhAQABAIAAAP\/\/\/\/\/\/\/yH5BAEKAAEALAAAAAABAAEAAAICTAEAOw==\" data-safe-src=\"data:image\/gif;base64,R0lGODlhAQABAIAAAP\/\/\/\/\/\/\/yH5BAEKAAEALAAAAAABAAEAAAICTAEAOw==\" \/><\/a><\/div><\/div><div id=\"envira-gallery-item-5310\" class=\"envira-gallery-item enviratope-item envira-gallery-item-11 envira-lazy-load\" style=\"padding-left: 1px; padding-bottom: 1px; padding-right: 1px;\"  itemscope itemtype=\"https:\/\/schema.org\/ImageObject\"><div class=\"envira-gallery-item-inner\"><div class=\"envira-gallery-position-overlay  envira-gallery-top-left\"><\/div><div class=\"envira-gallery-position-overlay  envira-gallery-top-right\"><\/div><div class=\"envira-gallery-position-overlay  envira-gallery-bottom-left\"><\/div><div class=\"envira-gallery-position-overlay  envira-gallery-bottom-right\"><\/div><a href=\"http:\/\/allcars.fr\/wp-content\/uploads\/2020\/10\/IMG_1245-scaled.jpg\" class=\"envira-gallery-5299 envira-gallery-link\" rel=\"enviragallery5299\" title=\"IMG_1245\" data-envira-caption=\"IMG_1245\" data-envira-retina=\"\" data-thumbnail=\"\"  itemprop=\"contentUrl\"><img decoding=\"async\" id=\"envira-gallery-image-5310\" class=\"envira-gallery-image envira-gallery-image-11 envira-normal envira-lazy\" data-envira-index=\"11\" src=\"https:\/\/allcars.fr\/wp-content\/uploads\/2020\/10\/IMG_1245-1024x768-640x480.jpg\" data-envira-src=\"https:\/\/allcars.fr\/wp-content\/uploads\/2020\/10\/IMG_1245-1024x768-640x480.jpg\" data-envira-gallery-id=\"5299\" data-envira-item-id=\"5310\" data-envira-caption=\"IMG_1245\" alt=\"\" title=\"IMG_1245\"  itemprop=\"thumbnailUrl\" data-envira-srcset=\"https:\/\/allcars.fr\/wp-content\/uploads\/2020\/10\/IMG_1245-1024x768-640x480.jpg 400w,https:\/\/allcars.fr\/wp-content\/uploads\/2020\/10\/IMG_1245-1024x768-640x480.jpg 2x\" data-envira-width=\"300\" data-envira-height=\"225\" srcset=\"data:image\/gif;base64,R0lGODlhAQABAIAAAP\/\/\/\/\/\/\/yH5BAEKAAEALAAAAAABAAEAAAICTAEAOw==\" data-safe-src=\"data:image\/gif;base64,R0lGODlhAQABAIAAAP\/\/\/\/\/\/\/yH5BAEKAAEALAAAAAABAAEAAAICTAEAOw==\" \/><\/a><\/div><\/div><div id=\"envira-gallery-item-5311\" class=\"envira-gallery-item enviratope-item envira-gallery-item-12 envira-lazy-load\" style=\"padding-left: 1px; padding-bottom: 1px; padding-right: 1px;\"  itemscope itemtype=\"https:\/\/schema.org\/ImageObject\"><div class=\"envira-gallery-item-inner\"><div class=\"envira-gallery-position-overlay  envira-gallery-top-left\"><\/div><div class=\"envira-gallery-position-overlay  envira-gallery-top-right\"><\/div><div class=\"envira-gallery-position-overlay  envira-gallery-bottom-left\"><\/div><div class=\"envira-gallery-position-overlay  envira-gallery-bottom-right\"><\/div><a href=\"http:\/\/allcars.fr\/wp-content\/uploads\/2020\/10\/IMG_1246-scaled.jpg\" class=\"envira-gallery-5299 envira-gallery-link\" rel=\"enviragallery5299\" title=\"IMG_1246\" data-envira-caption=\"IMG_1246\" data-envira-retina=\"\" data-thumbnail=\"\"  itemprop=\"contentUrl\"><img decoding=\"async\" id=\"envira-gallery-image-5311\" class=\"envira-gallery-image envira-gallery-image-12 envira-normal envira-lazy\" data-envira-index=\"12\" src=\"https:\/\/allcars.fr\/wp-content\/uploads\/2020\/10\/IMG_1246-1024x768-640x480.jpg\" data-envira-src=\"https:\/\/allcars.fr\/wp-content\/uploads\/2020\/10\/IMG_1246-1024x768-640x480.jpg\" data-envira-gallery-id=\"5299\" data-envira-item-id=\"5311\" data-envira-caption=\"IMG_1246\" alt=\"\" title=\"IMG_1246\"  itemprop=\"thumbnailUrl\" data-envira-srcset=\"https:\/\/allcars.fr\/wp-content\/uploads\/2020\/10\/IMG_1246-1024x768-640x480.jpg 400w,https:\/\/allcars.fr\/wp-content\/uploads\/2020\/10\/IMG_1246-1024x768-640x480.jpg 2x\" data-envira-width=\"300\" data-envira-height=\"225\" srcset=\"data:image\/gif;base64,R0lGODlhAQABAIAAAP\/\/\/\/\/\/\/yH5BAEKAAEALAAAAAABAAEAAAICTAEAOw==\" data-safe-src=\"data:image\/gif;base64,R0lGODlhAQABAIAAAP\/\/\/\/\/\/\/yH5BAEKAAEALAAAAAABAAEAAAICTAEAOw==\" \/><\/a><\/div><\/div><div id=\"envira-gallery-item-5312\" class=\"envira-gallery-item enviratope-item envira-gallery-item-13 envira-lazy-load\" style=\"padding-left: 1px; padding-bottom: 1px; padding-right: 1px;\"  itemscope itemtype=\"https:\/\/schema.org\/ImageObject\"><div class=\"envira-gallery-item-inner\"><div class=\"envira-gallery-position-overlay  envira-gallery-top-left\"><\/div><div class=\"envira-gallery-position-overlay  envira-gallery-top-right\"><\/div><div class=\"envira-gallery-position-overlay  envira-gallery-bottom-left\"><\/div><div class=\"envira-gallery-position-overlay  envira-gallery-bottom-right\"><\/div><a href=\"http:\/\/allcars.fr\/wp-content\/uploads\/2020\/10\/IMG_1247-scaled.jpg\" class=\"envira-gallery-5299 envira-gallery-link\" rel=\"enviragallery5299\" title=\"IMG_1247\" data-envira-caption=\"IMG_1247\" data-envira-retina=\"\" data-thumbnail=\"\"  itemprop=\"contentUrl\"><img decoding=\"async\" id=\"envira-gallery-image-5312\" class=\"envira-gallery-image envira-gallery-image-13 envira-normal envira-lazy\" data-envira-index=\"13\" src=\"https:\/\/allcars.fr\/wp-content\/uploads\/2020\/10\/IMG_1247-1024x768-640x480.jpg\" data-envira-src=\"https:\/\/allcars.fr\/wp-content\/uploads\/2020\/10\/IMG_1247-1024x768-640x480.jpg\" data-envira-gallery-id=\"5299\" data-envira-item-id=\"5312\" data-envira-caption=\"IMG_1247\" alt=\"\" title=\"IMG_1247\"  itemprop=\"thumbnailUrl\" data-envira-srcset=\"https:\/\/allcars.fr\/wp-content\/uploads\/2020\/10\/IMG_1247-1024x768-640x480.jpg 400w,https:\/\/allcars.fr\/wp-content\/uploads\/2020\/10\/IMG_1247-1024x768-640x480.jpg 2x\" data-envira-width=\"300\" data-envira-height=\"225\" srcset=\"data:image\/gif;base64,R0lGODlhAQABAIAAAP\/\/\/\/\/\/\/yH5BAEKAAEALAAAAAABAAEAAAICTAEAOw==\" data-safe-src=\"data:image\/gif;base64,R0lGODlhAQABAIAAAP\/\/\/\/\/\/\/yH5BAEKAAEALAAAAAABAAEAAAICTAEAOw==\" \/><\/a><\/div><\/div><div id=\"envira-gallery-item-5313\" class=\"envira-gallery-item enviratope-item envira-gallery-item-14 envira-lazy-load\" style=\"padding-left: 1px; padding-bottom: 1px; padding-right: 1px;\"  itemscope itemtype=\"https:\/\/schema.org\/ImageObject\"><div class=\"envira-gallery-item-inner\"><div class=\"envira-gallery-position-overlay  envira-gallery-top-left\"><\/div><div class=\"envira-gallery-position-overlay  envira-gallery-top-right\"><\/div><div class=\"envira-gallery-position-overlay  envira-gallery-bottom-left\"><\/div><div class=\"envira-gallery-position-overlay  envira-gallery-bottom-right\"><\/div><a href=\"http:\/\/allcars.fr\/wp-content\/uploads\/2020\/10\/IMG_1248-scaled.jpg\" class=\"envira-gallery-5299 envira-gallery-link\" rel=\"enviragallery5299\" title=\"IMG_1248\" data-envira-caption=\"IMG_1248\" data-envira-retina=\"\" data-thumbnail=\"\"  itemprop=\"contentUrl\"><img decoding=\"async\" id=\"envira-gallery-image-5313\" class=\"envira-gallery-image envira-gallery-image-14 envira-normal envira-lazy\" data-envira-index=\"14\" src=\"https:\/\/allcars.fr\/wp-content\/uploads\/2020\/10\/IMG_1248-1024x768-640x480.jpg\" data-envira-src=\"https:\/\/allcars.fr\/wp-content\/uploads\/2020\/10\/IMG_1248-1024x768-640x480.jpg\" data-envira-gallery-id=\"5299\" data-envira-item-id=\"5313\" data-envira-caption=\"IMG_1248\" alt=\"\" title=\"IMG_1248\"  itemprop=\"thumbnailUrl\" data-envira-srcset=\"https:\/\/allcars.fr\/wp-content\/uploads\/2020\/10\/IMG_1248-1024x768-640x480.jpg 400w,https:\/\/allcars.fr\/wp-content\/uploads\/2020\/10\/IMG_1248-1024x768-640x480.jpg 2x\" data-envira-width=\"300\" data-envira-height=\"225\" srcset=\"data:image\/gif;base64,R0lGODlhAQABAIAAAP\/\/\/\/\/\/\/yH5BAEKAAEALAAAAAABAAEAAAICTAEAOw==\" data-safe-src=\"data:image\/gif;base64,R0lGODlhAQABAIAAAP\/\/\/\/\/\/\/yH5BAEKAAEALAAAAAABAAEAAAICTAEAOw==\" \/><\/a><\/div><\/div><div id=\"envira-gallery-item-5314\" class=\"envira-gallery-item enviratope-item envira-gallery-item-15 envira-lazy-load\" style=\"padding-left: 1px; padding-bottom: 1px; padding-right: 1px;\"  itemscope itemtype=\"https:\/\/schema.org\/ImageObject\"><div class=\"envira-gallery-item-inner\"><div class=\"envira-gallery-position-overlay  envira-gallery-top-left\"><\/div><div class=\"envira-gallery-position-overlay  envira-gallery-top-right\"><\/div><div class=\"envira-gallery-position-overlay  envira-gallery-bottom-left\"><\/div><div class=\"envira-gallery-position-overlay  envira-gallery-bottom-right\"><\/div><a href=\"http:\/\/allcars.fr\/wp-content\/uploads\/2020\/10\/IMG_1249-scaled.jpg\" class=\"envira-gallery-5299 envira-gallery-link\" rel=\"enviragallery5299\" title=\"IMG_1249\" data-envira-caption=\"IMG_1249\" data-envira-retina=\"\" data-thumbnail=\"\"  itemprop=\"contentUrl\"><img decoding=\"async\" id=\"envira-gallery-image-5314\" class=\"envira-gallery-image envira-gallery-image-15 envira-normal envira-lazy\" data-envira-index=\"15\" src=\"https:\/\/allcars.fr\/wp-content\/uploads\/2020\/10\/IMG_1249-1024x768-640x480.jpg\" data-envira-src=\"https:\/\/allcars.fr\/wp-content\/uploads\/2020\/10\/IMG_1249-1024x768-640x480.jpg\" data-envira-gallery-id=\"5299\" data-envira-item-id=\"5314\" data-envira-caption=\"IMG_1249\" alt=\"\" title=\"IMG_1249\"  itemprop=\"thumbnailUrl\" data-envira-srcset=\"https:\/\/allcars.fr\/wp-content\/uploads\/2020\/10\/IMG_1249-1024x768-640x480.jpg 400w,https:\/\/allcars.fr\/wp-content\/uploads\/2020\/10\/IMG_1249-1024x768-640x480.jpg 2x\" data-envira-width=\"300\" data-envira-height=\"225\" srcset=\"data:image\/gif;base64,R0lGODlhAQABAIAAAP\/\/\/\/\/\/\/yH5BAEKAAEALAAAAAABAAEAAAICTAEAOw==\" data-safe-src=\"data:image\/gif;base64,R0lGODlhAQABAIAAAP\/\/\/\/\/\/\/yH5BAEKAAEALAAAAAABAAEAAAICTAEAOw==\" \/><\/a><\/div><\/div><div id=\"envira-gallery-item-5315\" class=\"envira-gallery-item enviratope-item envira-gallery-item-16 envira-lazy-load\" style=\"padding-left: 1px; padding-bottom: 1px; padding-right: 1px;\"  itemscope itemtype=\"https:\/\/schema.org\/ImageObject\"><div class=\"envira-gallery-item-inner\"><div class=\"envira-gallery-position-overlay  envira-gallery-top-left\"><\/div><div class=\"envira-gallery-position-overlay  envira-gallery-top-right\"><\/div><div class=\"envira-gallery-position-overlay  envira-gallery-bottom-left\"><\/div><div class=\"envira-gallery-position-overlay  envira-gallery-bottom-right\"><\/div><a href=\"http:\/\/allcars.fr\/wp-content\/uploads\/2020\/10\/IMG_1250-scaled.jpg\" class=\"envira-gallery-5299 envira-gallery-link\" rel=\"enviragallery5299\" title=\"IMG_1250\" data-envira-caption=\"IMG_1250\" data-envira-retina=\"\" data-thumbnail=\"\"  itemprop=\"contentUrl\"><img decoding=\"async\" id=\"envira-gallery-image-5315\" class=\"envira-gallery-image envira-gallery-image-16 envira-normal envira-lazy\" data-envira-index=\"16\" src=\"https:\/\/allcars.fr\/wp-content\/uploads\/2020\/10\/IMG_1250-1024x768-640x480.jpg\" data-envira-src=\"https:\/\/allcars.fr\/wp-content\/uploads\/2020\/10\/IMG_1250-1024x768-640x480.jpg\" data-envira-gallery-id=\"5299\" data-envira-item-id=\"5315\" data-envira-caption=\"IMG_1250\" alt=\"\" title=\"IMG_1250\"  itemprop=\"thumbnailUrl\" data-envira-srcset=\"https:\/\/allcars.fr\/wp-content\/uploads\/2020\/10\/IMG_1250-1024x768-640x480.jpg 400w,https:\/\/allcars.fr\/wp-content\/uploads\/2020\/10\/IMG_1250-1024x768-640x480.jpg 2x\" data-envira-width=\"300\" data-envira-height=\"225\" srcset=\"data:image\/gif;base64,R0lGODlhAQABAIAAAP\/\/\/\/\/\/\/yH5BAEKAAEALAAAAAABAAEAAAICTAEAOw==\" data-safe-src=\"data:image\/gif;base64,R0lGODlhAQABAIAAAP\/\/\/\/\/\/\/yH5BAEKAAEALAAAAAABAAEAAAICTAEAOw==\" \/><\/a><\/div><\/div><\/div><\/div><noscript><img decoding=\"async\" src=\"https:\/\/allcars.fr\/wp-content\/uploads\/2020\/10\/IMG_1251-scaled.jpg\" alt=\"\" \/><img decoding=\"async\" src=\"https:\/\/allcars.fr\/wp-content\/uploads\/2020\/10\/IMG_1236-scaled.jpg\" alt=\"\" \/><img decoding=\"async\" src=\"https:\/\/allcars.fr\/wp-content\/uploads\/2020\/10\/IMG_1237-scaled.jpg\" alt=\"\" \/><img decoding=\"async\" src=\"https:\/\/allcars.fr\/wp-content\/uploads\/2020\/10\/IMG_1238-scaled.jpg\" alt=\"\" \/><img decoding=\"async\" src=\"https:\/\/allcars.fr\/wp-content\/uploads\/2020\/10\/IMG_1239-scaled.jpg\" alt=\"\" \/><img decoding=\"async\" src=\"https:\/\/allcars.fr\/wp-content\/uploads\/2020\/10\/IMG_1240-scaled.jpg\" alt=\"\" \/><img decoding=\"async\" src=\"https:\/\/allcars.fr\/wp-content\/uploads\/2020\/10\/IMG_1241-scaled.jpg\" alt=\"\" \/><img decoding=\"async\" src=\"https:\/\/allcars.fr\/wp-content\/uploads\/2020\/10\/IMG_1242-scaled.jpg\" alt=\"\" \/><img decoding=\"async\" src=\"https:\/\/allcars.fr\/wp-content\/uploads\/2020\/10\/IMG_1243-scaled.jpg\" alt=\"\" \/><img decoding=\"async\" src=\"https:\/\/allcars.fr\/wp-content\/uploads\/2020\/10\/IMG_1244-scaled.jpg\" alt=\"\" \/><img decoding=\"async\" src=\"https:\/\/allcars.fr\/wp-content\/uploads\/2020\/10\/IMG_1245-scaled.jpg\" alt=\"\" \/><img decoding=\"async\" src=\"https:\/\/allcars.fr\/wp-content\/uploads\/2020\/10\/IMG_1246-scaled.jpg\" alt=\"\" \/><img decoding=\"async\" src=\"https:\/\/allcars.fr\/wp-content\/uploads\/2020\/10\/IMG_1247-scaled.jpg\" alt=\"\" \/><img decoding=\"async\" src=\"https:\/\/allcars.fr\/wp-content\/uploads\/2020\/10\/IMG_1248-scaled.jpg\" alt=\"\" \/><img decoding=\"async\" src=\"https:\/\/allcars.fr\/wp-content\/uploads\/2020\/10\/IMG_1249-scaled.jpg\" alt=\"\" \/><img decoding=\"async\" src=\"https:\/\/allcars.fr\/wp-content\/uploads\/2020\/10\/IMG_1250-scaled.jpg\" alt=\"\" \/><\/noscript><\/div>\n\n\n\n<p><\/p>\n\n\n\n<p>Suite \u00e0 une simple panne, le v\u00e9hicule a \u00e9t\u00e9 brul\u00e9 par le d\u00e9panneur&#8230;<\/p>\n","protected":false},"excerpt":{"rendered":"<p>Suite \u00e0 une simple panne, le v\u00e9hicule a \u00e9t\u00e9 brul\u00e9 par le d\u00e9panneur&#8230;<\/p>\n","protected":false},"author":1,"featured_media":0,"comment_status":"closed","ping_status":"open","sticky":false,"template":"","format":"standard","meta":{"_jetpack_memberships_contains_paid_content":false,"footnotes":""},"categories":[12,1],"tags":[],"class_list":["post-5316","post","type-post","status-publish","format-standard","hentry","category-annonces-voitures","category-non-classe"],"jetpack_featured_media_url":"","jetpack_sharing_enabled":true,"_links":{"self":[{"href":"https:\/\/allcars.fr\/index.php?rest_route=\/wp\/v2\/posts\/5316","targetHints":{"allow":["GET"]}}],"collection":[{"href":"https:\/\/allcars.fr\/index.php?rest_route=\/wp\/v2\/posts"}],"about":[{"href":"https:\/\/allcars.fr\/index.php?rest_route=\/wp\/v2\/types\/post"}],"author":[{"embeddable":true,"href":"https:\/\/allcars.fr\/index.php?rest_route=\/wp\/v2\/users\/1"}],"replies":[{"embeddable":true,"href":"https:\/\/allcars.fr\/index.php?rest_route=%2Fwp%2Fv2%2Fcomments&post=5316"}],"version-history":[{"count":4,"href":"https:\/\/allcars.fr\/index.php?rest_route=\/wp\/v2\/posts\/5316\/revisions"}],"predecessor-version":[{"id":5425,"href":"https:\/\/allcars.fr\/index.php?rest_route=\/wp\/v2\/posts\/5316\/revisions\/5425"}],"wp:attachment":[{"href":"https:\/\/allcars.fr\/index.php?rest_route=%2Fwp%2Fv2%2Fmedia&parent=5316"}],"wp:term":[{"taxonomy":"category","embeddable":true,"href":"https:\/\/allcars.fr\/index.php?rest_route=%2Fwp%2Fv2%2Fcategories&post=5316"},{"taxonomy":"post_tag","embeddable":true,"href":"https:\/\/allcars.fr\/index.php?rest_route=%2Fwp%2Fv2%2Ftags&post=5316"}],"curies":[{"name":"wp","href":"https:\/\/api.w.org\/{rel}","templated":true}]}}