{"id":5284,"date":"2020-10-01T21:57:00","date_gmt":"2020-10-01T19:57:00","guid":{"rendered":"http:\/\/allcars.fr\/?p=5284"},"modified":"2023-05-31T17:48:31","modified_gmt":"2023-05-31T15:48:31","slug":"mini-cooper-s-184-ch-r56-v1-1-2010","status":"publish","type":"post","link":"https:\/\/allcars.fr\/?p=5284","title":{"rendered":"MINI COOPER S 184 ch (R56 v1.1) &#8211; 2010 &#8211; [VENDUE]"},"content":{"rendered":"\n<p><code><div id=\"envira-gallery-wrap-5286\" class=\"envira-gallery-wrap envira-gallery-theme-base envira-lightbox-theme-base\" itemscope itemtype=\"https:\/\/schema.org\/ImageGallery\"><div data-row-height=\"150\" data-gallery-theme=\"normal\" id=\"envira-gallery-5286\" class=\"envira-gallery-public envira-gallery-justified-public envira-gallery-0-columns envira-clear enviratope envira-gallery-css-animations\" data-envira-columns=\"0\"><div id=\"envira-gallery-item-5287\" class=\"envira-gallery-item enviratope-item envira-gallery-item-1 envira-lazy-load\" style=\"padding-left: 5px; padding-bottom: 10px; padding-right: 5px;\"  itemscope itemtype=\"https:\/\/schema.org\/ImageObject\"><div class=\"envira-gallery-item-inner\"><div class=\"envira-gallery-position-overlay  envira-gallery-top-left\"><\/div><div class=\"envira-gallery-position-overlay  envira-gallery-top-right\"><\/div><div class=\"envira-gallery-position-overlay  envira-gallery-bottom-left\"><\/div><div class=\"envira-gallery-position-overlay  envira-gallery-bottom-right\"><\/div><a href=\"http:\/\/allcars.fr\/wp-content\/uploads\/2020\/10\/DSC_0873_crop-scaled.jpg\" class=\"envira-gallery-5286 envira-gallery-link\" rel=\"enviragallery5286\" title=\"DSC_0873_crop\" data-envira-caption=\"DSC_0873_crop\" data-envira-retina=\"\" data-thumbnail=\"\"  itemprop=\"contentUrl\"><img decoding=\"async\" id=\"envira-gallery-image-5287\" class=\"envira-gallery-image envira-gallery-image-1 envira-normal envira-lazy\" data-envira-index=\"1\" src=\"https:\/\/allcars.fr\/wp-content\/uploads\/2020\/10\/DSC_0873_crop-1024x576-640x480.jpg\" data-envira-src=\"https:\/\/allcars.fr\/wp-content\/uploads\/2020\/10\/DSC_0873_crop-1024x576-640x480.jpg\" data-envira-gallery-id=\"5286\" data-envira-item-id=\"5287\" data-envira-caption=\"DSC_0873_crop\" alt=\"\" title=\"DSC_0873_crop\"  itemprop=\"thumbnailUrl\" data-envira-srcset=\"https:\/\/allcars.fr\/wp-content\/uploads\/2020\/10\/DSC_0873_crop-1024x576-640x480.jpg 400w,https:\/\/allcars.fr\/wp-content\/uploads\/2020\/10\/DSC_0873_crop-1024x576-640x480.jpg 2x\" data-envira-width=\"300\" data-envira-height=\"169\" srcset=\"data:image\/gif;base64,R0lGODlhAQABAIAAAP\/\/\/\/\/\/\/yH5BAEKAAEALAAAAAABAAEAAAICTAEAOw==\" data-safe-src=\"data:image\/gif;base64,R0lGODlhAQABAIAAAP\/\/\/\/\/\/\/yH5BAEKAAEALAAAAAABAAEAAAICTAEAOw==\" \/><\/a><\/div><\/div><div id=\"envira-gallery-item-5288\" class=\"envira-gallery-item enviratope-item envira-gallery-item-2 envira-lazy-load\" style=\"padding-left: 5px; padding-bottom: 10px; padding-right: 5px;\"  itemscope itemtype=\"https:\/\/schema.org\/ImageObject\"><div class=\"envira-gallery-item-inner\"><div class=\"envira-gallery-position-overlay  envira-gallery-top-left\"><\/div><div class=\"envira-gallery-position-overlay  envira-gallery-top-right\"><\/div><div class=\"envira-gallery-position-overlay  envira-gallery-bottom-left\"><\/div><div class=\"envira-gallery-position-overlay  envira-gallery-bottom-right\"><\/div><a href=\"http:\/\/allcars.fr\/wp-content\/uploads\/2020\/10\/DSC_0875_crop-scaled.jpg\" class=\"envira-gallery-5286 envira-gallery-link\" rel=\"enviragallery5286\" title=\"DSC_0875_crop\" data-envira-caption=\"DSC_0875_crop\" data-envira-retina=\"\" data-thumbnail=\"\"  itemprop=\"contentUrl\"><img decoding=\"async\" id=\"envira-gallery-image-5288\" class=\"envira-gallery-image envira-gallery-image-2 envira-normal envira-lazy\" data-envira-index=\"2\" src=\"https:\/\/allcars.fr\/wp-content\/uploads\/2020\/10\/DSC_0875_crop-1024x576-640x480.jpg\" data-envira-src=\"https:\/\/allcars.fr\/wp-content\/uploads\/2020\/10\/DSC_0875_crop-1024x576-640x480.jpg\" data-envira-gallery-id=\"5286\" data-envira-item-id=\"5288\" data-envira-caption=\"DSC_0875_crop\" alt=\"\" title=\"DSC_0875_crop\"  itemprop=\"thumbnailUrl\" data-envira-srcset=\"https:\/\/allcars.fr\/wp-content\/uploads\/2020\/10\/DSC_0875_crop-1024x576-640x480.jpg 400w,https:\/\/allcars.fr\/wp-content\/uploads\/2020\/10\/DSC_0875_crop-1024x576-640x480.jpg 2x\" data-envira-width=\"300\" data-envira-height=\"169\" srcset=\"data:image\/gif;base64,R0lGODlhAQABAIAAAP\/\/\/\/\/\/\/yH5BAEKAAEALAAAAAABAAEAAAICTAEAOw==\" data-safe-src=\"data:image\/gif;base64,R0lGODlhAQABAIAAAP\/\/\/\/\/\/\/yH5BAEKAAEALAAAAAABAAEAAAICTAEAOw==\" \/><\/a><\/div><\/div><div id=\"envira-gallery-item-5289\" class=\"envira-gallery-item enviratope-item envira-gallery-item-3 envira-lazy-load\" style=\"padding-left: 5px; padding-bottom: 10px; padding-right: 5px;\"  itemscope itemtype=\"https:\/\/schema.org\/ImageObject\"><div class=\"envira-gallery-item-inner\"><div class=\"envira-gallery-position-overlay  envira-gallery-top-left\"><\/div><div class=\"envira-gallery-position-overlay  envira-gallery-top-right\"><\/div><div class=\"envira-gallery-position-overlay  envira-gallery-bottom-left\"><\/div><div class=\"envira-gallery-position-overlay  envira-gallery-bottom-right\"><\/div><a href=\"http:\/\/allcars.fr\/wp-content\/uploads\/2020\/10\/DSC_0876_crop-scaled.jpg\" class=\"envira-gallery-5286 envira-gallery-link\" rel=\"enviragallery5286\" title=\"DSC_0876_crop\" data-envira-caption=\"DSC_0876_crop\" data-envira-retina=\"\" data-thumbnail=\"\"  itemprop=\"contentUrl\"><img decoding=\"async\" id=\"envira-gallery-image-5289\" class=\"envira-gallery-image envira-gallery-image-3 envira-normal envira-lazy\" data-envira-index=\"3\" src=\"https:\/\/allcars.fr\/wp-content\/uploads\/2020\/10\/DSC_0876_crop-1024x576-640x480.jpg\" data-envira-src=\"https:\/\/allcars.fr\/wp-content\/uploads\/2020\/10\/DSC_0876_crop-1024x576-640x480.jpg\" data-envira-gallery-id=\"5286\" data-envira-item-id=\"5289\" data-envira-caption=\"DSC_0876_crop\" alt=\"\" title=\"DSC_0876_crop\"  itemprop=\"thumbnailUrl\" data-envira-srcset=\"https:\/\/allcars.fr\/wp-content\/uploads\/2020\/10\/DSC_0876_crop-1024x576-640x480.jpg 400w,https:\/\/allcars.fr\/wp-content\/uploads\/2020\/10\/DSC_0876_crop-1024x576-640x480.jpg 2x\" data-envira-width=\"300\" data-envira-height=\"169\" srcset=\"data:image\/gif;base64,R0lGODlhAQABAIAAAP\/\/\/\/\/\/\/yH5BAEKAAEALAAAAAABAAEAAAICTAEAOw==\" data-safe-src=\"data:image\/gif;base64,R0lGODlhAQABAIAAAP\/\/\/\/\/\/\/yH5BAEKAAEALAAAAAABAAEAAAICTAEAOw==\" \/><\/a><\/div><\/div><div id=\"envira-gallery-item-5290\" class=\"envira-gallery-item enviratope-item envira-gallery-item-4 envira-lazy-load\" style=\"padding-left: 5px; padding-bottom: 10px; padding-right: 5px;\"  itemscope itemtype=\"https:\/\/schema.org\/ImageObject\"><div class=\"envira-gallery-item-inner\"><div class=\"envira-gallery-position-overlay  envira-gallery-top-left\"><\/div><div class=\"envira-gallery-position-overlay  envira-gallery-top-right\"><\/div><div class=\"envira-gallery-position-overlay  envira-gallery-bottom-left\"><\/div><div class=\"envira-gallery-position-overlay  envira-gallery-bottom-right\"><\/div><a href=\"http:\/\/allcars.fr\/wp-content\/uploads\/2020\/10\/DSC_0877_crop-scaled.jpg\" class=\"envira-gallery-5286 envira-gallery-link\" rel=\"enviragallery5286\" title=\"DSC_0877_crop\" data-envira-caption=\"DSC_0877_crop\" data-envira-retina=\"\" data-thumbnail=\"\"  itemprop=\"contentUrl\"><img decoding=\"async\" id=\"envira-gallery-image-5290\" class=\"envira-gallery-image envira-gallery-image-4 envira-normal envira-lazy\" data-envira-index=\"4\" src=\"https:\/\/allcars.fr\/wp-content\/uploads\/2020\/10\/DSC_0877_crop-1024x576-640x480.jpg\" data-envira-src=\"https:\/\/allcars.fr\/wp-content\/uploads\/2020\/10\/DSC_0877_crop-1024x576-640x480.jpg\" data-envira-gallery-id=\"5286\" data-envira-item-id=\"5290\" data-envira-caption=\"DSC_0877_crop\" alt=\"\" title=\"DSC_0877_crop\"  itemprop=\"thumbnailUrl\" data-envira-srcset=\"https:\/\/allcars.fr\/wp-content\/uploads\/2020\/10\/DSC_0877_crop-1024x576-640x480.jpg 400w,https:\/\/allcars.fr\/wp-content\/uploads\/2020\/10\/DSC_0877_crop-1024x576-640x480.jpg 2x\" data-envira-width=\"300\" data-envira-height=\"169\" srcset=\"data:image\/gif;base64,R0lGODlhAQABAIAAAP\/\/\/\/\/\/\/yH5BAEKAAEALAAAAAABAAEAAAICTAEAOw==\" data-safe-src=\"data:image\/gif;base64,R0lGODlhAQABAIAAAP\/\/\/\/\/\/\/yH5BAEKAAEALAAAAAABAAEAAAICTAEAOw==\" \/><\/a><\/div><\/div><div id=\"envira-gallery-item-5291\" class=\"envira-gallery-item enviratope-item envira-gallery-item-5 envira-lazy-load\" style=\"padding-left: 5px; padding-bottom: 10px; padding-right: 5px;\"  itemscope itemtype=\"https:\/\/schema.org\/ImageObject\"><div class=\"envira-gallery-item-inner\"><div class=\"envira-gallery-position-overlay  envira-gallery-top-left\"><\/div><div class=\"envira-gallery-position-overlay  envira-gallery-top-right\"><\/div><div class=\"envira-gallery-position-overlay  envira-gallery-bottom-left\"><\/div><div class=\"envira-gallery-position-overlay  envira-gallery-bottom-right\"><\/div><a href=\"http:\/\/allcars.fr\/wp-content\/uploads\/2020\/10\/DSC_0878_crop-scaled.jpg\" class=\"envira-gallery-5286 envira-gallery-link\" rel=\"enviragallery5286\" title=\"DSC_0878_crop\" data-envira-caption=\"DSC_0878_crop\" data-envira-retina=\"\" data-thumbnail=\"\"  itemprop=\"contentUrl\"><img decoding=\"async\" id=\"envira-gallery-image-5291\" class=\"envira-gallery-image envira-gallery-image-5 envira-normal envira-lazy\" data-envira-index=\"5\" src=\"https:\/\/allcars.fr\/wp-content\/uploads\/2020\/10\/DSC_0878_crop-1024x576-640x480.jpg\" data-envira-src=\"https:\/\/allcars.fr\/wp-content\/uploads\/2020\/10\/DSC_0878_crop-1024x576-640x480.jpg\" data-envira-gallery-id=\"5286\" data-envira-item-id=\"5291\" data-envira-caption=\"DSC_0878_crop\" alt=\"\" title=\"DSC_0878_crop\"  itemprop=\"thumbnailUrl\" data-envira-srcset=\"https:\/\/allcars.fr\/wp-content\/uploads\/2020\/10\/DSC_0878_crop-1024x576-640x480.jpg 400w,https:\/\/allcars.fr\/wp-content\/uploads\/2020\/10\/DSC_0878_crop-1024x576-640x480.jpg 2x\" data-envira-width=\"300\" data-envira-height=\"169\" srcset=\"data:image\/gif;base64,R0lGODlhAQABAIAAAP\/\/\/\/\/\/\/yH5BAEKAAEALAAAAAABAAEAAAICTAEAOw==\" data-safe-src=\"data:image\/gif;base64,R0lGODlhAQABAIAAAP\/\/\/\/\/\/\/yH5BAEKAAEALAAAAAABAAEAAAICTAEAOw==\" \/><\/a><\/div><\/div><div id=\"envira-gallery-item-5292\" class=\"envira-gallery-item enviratope-item envira-gallery-item-6 envira-lazy-load\" style=\"padding-left: 5px; padding-bottom: 10px; padding-right: 5px;\"  itemscope itemtype=\"https:\/\/schema.org\/ImageObject\"><div class=\"envira-gallery-item-inner\"><div class=\"envira-gallery-position-overlay  envira-gallery-top-left\"><\/div><div class=\"envira-gallery-position-overlay  envira-gallery-top-right\"><\/div><div class=\"envira-gallery-position-overlay  envira-gallery-bottom-left\"><\/div><div class=\"envira-gallery-position-overlay  envira-gallery-bottom-right\"><\/div><a href=\"http:\/\/allcars.fr\/wp-content\/uploads\/2020\/10\/DSC_0879_crop-scaled.jpg\" class=\"envira-gallery-5286 envira-gallery-link\" rel=\"enviragallery5286\" title=\"DSC_0879_crop\" data-envira-caption=\"DSC_0879_crop\" data-envira-retina=\"\" data-thumbnail=\"\"  itemprop=\"contentUrl\"><img decoding=\"async\" id=\"envira-gallery-image-5292\" class=\"envira-gallery-image envira-gallery-image-6 envira-normal envira-lazy\" data-envira-index=\"6\" src=\"https:\/\/allcars.fr\/wp-content\/uploads\/2020\/10\/DSC_0879_crop-1024x576-640x480.jpg\" data-envira-src=\"https:\/\/allcars.fr\/wp-content\/uploads\/2020\/10\/DSC_0879_crop-1024x576-640x480.jpg\" data-envira-gallery-id=\"5286\" data-envira-item-id=\"5292\" data-envira-caption=\"DSC_0879_crop\" alt=\"\" title=\"DSC_0879_crop\"  itemprop=\"thumbnailUrl\" data-envira-srcset=\"https:\/\/allcars.fr\/wp-content\/uploads\/2020\/10\/DSC_0879_crop-1024x576-640x480.jpg 400w,https:\/\/allcars.fr\/wp-content\/uploads\/2020\/10\/DSC_0879_crop-1024x576-640x480.jpg 2x\" data-envira-width=\"300\" data-envira-height=\"169\" srcset=\"data:image\/gif;base64,R0lGODlhAQABAIAAAP\/\/\/\/\/\/\/yH5BAEKAAEALAAAAAABAAEAAAICTAEAOw==\" data-safe-src=\"data:image\/gif;base64,R0lGODlhAQABAIAAAP\/\/\/\/\/\/\/yH5BAEKAAEALAAAAAABAAEAAAICTAEAOw==\" \/><\/a><\/div><\/div><div id=\"envira-gallery-item-5293\" class=\"envira-gallery-item enviratope-item envira-gallery-item-7 envira-lazy-load\" style=\"padding-left: 5px; padding-bottom: 10px; padding-right: 5px;\"  itemscope itemtype=\"https:\/\/schema.org\/ImageObject\"><div class=\"envira-gallery-item-inner\"><div class=\"envira-gallery-position-overlay  envira-gallery-top-left\"><\/div><div class=\"envira-gallery-position-overlay  envira-gallery-top-right\"><\/div><div class=\"envira-gallery-position-overlay  envira-gallery-bottom-left\"><\/div><div class=\"envira-gallery-position-overlay  envira-gallery-bottom-right\"><\/div><a href=\"http:\/\/allcars.fr\/wp-content\/uploads\/2020\/10\/DSC_0880_crop-scaled.jpg\" class=\"envira-gallery-5286 envira-gallery-link\" rel=\"enviragallery5286\" title=\"DSC_0880_crop\" data-envira-caption=\"DSC_0880_crop\" data-envira-retina=\"\" data-thumbnail=\"\"  itemprop=\"contentUrl\"><img decoding=\"async\" id=\"envira-gallery-image-5293\" class=\"envira-gallery-image envira-gallery-image-7 envira-normal envira-lazy\" data-envira-index=\"7\" src=\"https:\/\/allcars.fr\/wp-content\/uploads\/2020\/10\/DSC_0880_crop-1024x576-640x480.jpg\" data-envira-src=\"https:\/\/allcars.fr\/wp-content\/uploads\/2020\/10\/DSC_0880_crop-1024x576-640x480.jpg\" data-envira-gallery-id=\"5286\" data-envira-item-id=\"5293\" data-envira-caption=\"DSC_0880_crop\" alt=\"\" title=\"DSC_0880_crop\"  itemprop=\"thumbnailUrl\" data-envira-srcset=\"https:\/\/allcars.fr\/wp-content\/uploads\/2020\/10\/DSC_0880_crop-1024x576-640x480.jpg 400w,https:\/\/allcars.fr\/wp-content\/uploads\/2020\/10\/DSC_0880_crop-1024x576-640x480.jpg 2x\" data-envira-width=\"300\" data-envira-height=\"169\" srcset=\"data:image\/gif;base64,R0lGODlhAQABAIAAAP\/\/\/\/\/\/\/yH5BAEKAAEALAAAAAABAAEAAAICTAEAOw==\" data-safe-src=\"data:image\/gif;base64,R0lGODlhAQABAIAAAP\/\/\/\/\/\/\/yH5BAEKAAEALAAAAAABAAEAAAICTAEAOw==\" \/><\/a><\/div><\/div><div id=\"envira-gallery-item-5294\" class=\"envira-gallery-item enviratope-item envira-gallery-item-8 envira-lazy-load\" style=\"padding-left: 5px; padding-bottom: 10px; padding-right: 5px;\"  itemscope itemtype=\"https:\/\/schema.org\/ImageObject\"><div class=\"envira-gallery-item-inner\"><div class=\"envira-gallery-position-overlay  envira-gallery-top-left\"><\/div><div class=\"envira-gallery-position-overlay  envira-gallery-top-right\"><\/div><div class=\"envira-gallery-position-overlay  envira-gallery-bottom-left\"><\/div><div class=\"envira-gallery-position-overlay  envira-gallery-bottom-right\"><\/div><a href=\"http:\/\/allcars.fr\/wp-content\/uploads\/2020\/10\/DSC_0881_crop-scaled.jpg\" class=\"envira-gallery-5286 envira-gallery-link\" rel=\"enviragallery5286\" title=\"DSC_0881_crop\" data-envira-caption=\"DSC_0881_crop\" data-envira-retina=\"\" data-thumbnail=\"\"  itemprop=\"contentUrl\"><img decoding=\"async\" id=\"envira-gallery-image-5294\" class=\"envira-gallery-image envira-gallery-image-8 envira-normal envira-lazy\" data-envira-index=\"8\" src=\"https:\/\/allcars.fr\/wp-content\/uploads\/2020\/10\/DSC_0881_crop-1024x576-640x480.jpg\" data-envira-src=\"https:\/\/allcars.fr\/wp-content\/uploads\/2020\/10\/DSC_0881_crop-1024x576-640x480.jpg\" data-envira-gallery-id=\"5286\" data-envira-item-id=\"5294\" data-envira-caption=\"DSC_0881_crop\" alt=\"\" title=\"DSC_0881_crop\"  itemprop=\"thumbnailUrl\" data-envira-srcset=\"https:\/\/allcars.fr\/wp-content\/uploads\/2020\/10\/DSC_0881_crop-1024x576-640x480.jpg 400w,https:\/\/allcars.fr\/wp-content\/uploads\/2020\/10\/DSC_0881_crop-1024x576-640x480.jpg 2x\" data-envira-width=\"300\" data-envira-height=\"169\" srcset=\"data:image\/gif;base64,R0lGODlhAQABAIAAAP\/\/\/\/\/\/\/yH5BAEKAAEALAAAAAABAAEAAAICTAEAOw==\" data-safe-src=\"data:image\/gif;base64,R0lGODlhAQABAIAAAP\/\/\/\/\/\/\/yH5BAEKAAEALAAAAAABAAEAAAICTAEAOw==\" \/><\/a><\/div><\/div><div id=\"envira-gallery-item-5295\" class=\"envira-gallery-item enviratope-item envira-gallery-item-9 envira-lazy-load\" style=\"padding-left: 5px; padding-bottom: 10px; padding-right: 5px;\"  itemscope itemtype=\"https:\/\/schema.org\/ImageObject\"><div class=\"envira-gallery-item-inner\"><div class=\"envira-gallery-position-overlay  envira-gallery-top-left\"><\/div><div class=\"envira-gallery-position-overlay  envira-gallery-top-right\"><\/div><div class=\"envira-gallery-position-overlay  envira-gallery-bottom-left\"><\/div><div class=\"envira-gallery-position-overlay  envira-gallery-bottom-right\"><\/div><a href=\"http:\/\/allcars.fr\/wp-content\/uploads\/2020\/10\/DSC_0882-scaled.jpg\" class=\"envira-gallery-5286 envira-gallery-link\" rel=\"enviragallery5286\" title=\"DSC_0882\" data-envira-caption=\"DSC_0882\" data-envira-retina=\"\" data-thumbnail=\"\"  itemprop=\"contentUrl\"><img decoding=\"async\" id=\"envira-gallery-image-5295\" class=\"envira-gallery-image envira-gallery-image-9 envira-normal envira-lazy\" data-envira-index=\"9\" src=\"https:\/\/allcars.fr\/wp-content\/uploads\/2020\/10\/DSC_0882-1024x576-640x480.jpg\" data-envira-src=\"https:\/\/allcars.fr\/wp-content\/uploads\/2020\/10\/DSC_0882-1024x576-640x480.jpg\" data-envira-gallery-id=\"5286\" data-envira-item-id=\"5295\" data-envira-caption=\"DSC_0882\" alt=\"\" title=\"DSC_0882\"  itemprop=\"thumbnailUrl\" data-envira-srcset=\"https:\/\/allcars.fr\/wp-content\/uploads\/2020\/10\/DSC_0882-1024x576-640x480.jpg 400w,https:\/\/allcars.fr\/wp-content\/uploads\/2020\/10\/DSC_0882-1024x576-640x480.jpg 2x\" data-envira-width=\"300\" data-envira-height=\"169\" srcset=\"data:image\/gif;base64,R0lGODlhAQABAIAAAP\/\/\/\/\/\/\/yH5BAEKAAEALAAAAAABAAEAAAICTAEAOw==\" data-safe-src=\"data:image\/gif;base64,R0lGODlhAQABAIAAAP\/\/\/\/\/\/\/yH5BAEKAAEALAAAAAABAAEAAAICTAEAOw==\" \/><\/a><\/div><\/div><div id=\"envira-gallery-item-5335\" class=\"envira-gallery-item enviratope-item envira-gallery-item-10 envira-lazy-load\" style=\"padding-left: 5px; padding-bottom: 10px; padding-right: 5px;\"  itemscope itemtype=\"https:\/\/schema.org\/ImageObject\"><div class=\"envira-gallery-item-inner\"><div class=\"envira-gallery-position-overlay  envira-gallery-top-left\"><\/div><div class=\"envira-gallery-position-overlay  envira-gallery-top-right\"><\/div><div class=\"envira-gallery-position-overlay  envira-gallery-bottom-left\"><\/div><div class=\"envira-gallery-position-overlay  envira-gallery-bottom-right\"><\/div><a href=\"http:\/\/allcars.fr\/wp-content\/uploads\/2020\/10\/DSC_0046.jpg\" class=\"envira-gallery-5286 envira-gallery-link\" rel=\"enviragallery5286\" title=\"DSC_0046\" data-envira-caption=\"DSC_0046\" data-envira-retina=\"\" data-thumbnail=\"\"  itemprop=\"contentUrl\"><img decoding=\"async\" id=\"envira-gallery-image-5335\" class=\"envira-gallery-image envira-gallery-image-10 envira-normal envira-lazy\" data-envira-index=\"10\" src=\"https:\/\/allcars.fr\/wp-content\/uploads\/2020\/10\/DSC_0046-1024x768-640x480.jpg\" data-envira-src=\"https:\/\/allcars.fr\/wp-content\/uploads\/2020\/10\/DSC_0046-1024x768-640x480.jpg\" data-envira-gallery-id=\"5286\" data-envira-item-id=\"5335\" data-envira-caption=\"DSC_0046\" alt=\"\" title=\"DSC_0046\"  itemprop=\"thumbnailUrl\" data-envira-srcset=\"https:\/\/allcars.fr\/wp-content\/uploads\/2020\/10\/DSC_0046-1024x768-640x480.jpg 400w,https:\/\/allcars.fr\/wp-content\/uploads\/2020\/10\/DSC_0046-1024x768-640x480.jpg 2x\" data-envira-width=\"300\" data-envira-height=\"225\" srcset=\"data:image\/gif;base64,R0lGODlhAQABAIAAAP\/\/\/\/\/\/\/yH5BAEKAAEALAAAAAABAAEAAAICTAEAOw==\" data-safe-src=\"data:image\/gif;base64,R0lGODlhAQABAIAAAP\/\/\/\/\/\/\/yH5BAEKAAEALAAAAAABAAEAAAICTAEAOw==\" \/><\/a><\/div><\/div><div id=\"envira-gallery-item-5336\" class=\"envira-gallery-item enviratope-item envira-gallery-item-11 envira-lazy-load\" style=\"padding-left: 5px; padding-bottom: 10px; padding-right: 5px;\"  itemscope itemtype=\"https:\/\/schema.org\/ImageObject\"><div class=\"envira-gallery-item-inner\"><div class=\"envira-gallery-position-overlay  envira-gallery-top-left\"><\/div><div class=\"envira-gallery-position-overlay  envira-gallery-top-right\"><\/div><div class=\"envira-gallery-position-overlay  envira-gallery-bottom-left\"><\/div><div class=\"envira-gallery-position-overlay  envira-gallery-bottom-right\"><\/div><a href=\"http:\/\/allcars.fr\/wp-content\/uploads\/2020\/10\/DSC_0047.jpg\" class=\"envira-gallery-5286 envira-gallery-link\" rel=\"enviragallery5286\" title=\"DSC_0047\" data-envira-caption=\"DSC_0047\" data-envira-retina=\"\" data-thumbnail=\"\"  itemprop=\"contentUrl\"><img decoding=\"async\" id=\"envira-gallery-image-5336\" class=\"envira-gallery-image envira-gallery-image-11 envira-normal envira-lazy\" data-envira-index=\"11\" src=\"https:\/\/allcars.fr\/wp-content\/uploads\/2020\/10\/DSC_0047-768x1024-640x480.jpg\" data-envira-src=\"https:\/\/allcars.fr\/wp-content\/uploads\/2020\/10\/DSC_0047-768x1024-640x480.jpg\" data-envira-gallery-id=\"5286\" data-envira-item-id=\"5336\" data-envira-caption=\"DSC_0047\" alt=\"\" title=\"DSC_0047\"  itemprop=\"thumbnailUrl\" data-envira-srcset=\"https:\/\/allcars.fr\/wp-content\/uploads\/2020\/10\/DSC_0047-768x1024-640x480.jpg 400w,https:\/\/allcars.fr\/wp-content\/uploads\/2020\/10\/DSC_0047-768x1024-640x480.jpg 2x\" data-envira-width=\"225\" data-envira-height=\"300\" srcset=\"data:image\/gif;base64,R0lGODlhAQABAIAAAP\/\/\/\/\/\/\/yH5BAEKAAEALAAAAAABAAEAAAICTAEAOw==\" data-safe-src=\"data:image\/gif;base64,R0lGODlhAQABAIAAAP\/\/\/\/\/\/\/yH5BAEKAAEALAAAAAABAAEAAAICTAEAOw==\" \/><\/a><\/div><\/div><\/div><\/div><noscript><img decoding=\"async\" src=\"https:\/\/allcars.fr\/wp-content\/uploads\/2020\/10\/DSC_0873_crop-scaled.jpg\" alt=\"\" \/><img decoding=\"async\" src=\"https:\/\/allcars.fr\/wp-content\/uploads\/2020\/10\/DSC_0875_crop-scaled.jpg\" alt=\"\" \/><img decoding=\"async\" src=\"https:\/\/allcars.fr\/wp-content\/uploads\/2020\/10\/DSC_0876_crop-scaled.jpg\" alt=\"\" \/><img decoding=\"async\" src=\"https:\/\/allcars.fr\/wp-content\/uploads\/2020\/10\/DSC_0877_crop-scaled.jpg\" alt=\"\" \/><img decoding=\"async\" src=\"https:\/\/allcars.fr\/wp-content\/uploads\/2020\/10\/DSC_0878_crop-scaled.jpg\" alt=\"\" \/><img decoding=\"async\" src=\"https:\/\/allcars.fr\/wp-content\/uploads\/2020\/10\/DSC_0879_crop-scaled.jpg\" alt=\"\" \/><img decoding=\"async\" src=\"https:\/\/allcars.fr\/wp-content\/uploads\/2020\/10\/DSC_0880_crop-scaled.jpg\" alt=\"\" \/><img decoding=\"async\" src=\"https:\/\/allcars.fr\/wp-content\/uploads\/2020\/10\/DSC_0881_crop-scaled.jpg\" alt=\"\" \/><img decoding=\"async\" src=\"https:\/\/allcars.fr\/wp-content\/uploads\/2020\/10\/DSC_0882-scaled.jpg\" alt=\"\" \/><img decoding=\"async\" src=\"https:\/\/allcars.fr\/wp-content\/uploads\/2020\/10\/DSC_0046.jpg\" alt=\"\" \/><img decoding=\"async\" src=\"https:\/\/allcars.fr\/wp-content\/uploads\/2020\/10\/DSC_0047.jpg\" alt=\"\" \/><\/noscript><\/code><\/p>\n\n\n\n<p class=\"has-medium-font-size\">1\u00e8re main \u2013 77 000 km.<\/p>\n\n\n\n<p class=\"has-medium-font-size\">Historique connu (entretien MINI Paris 12, puis MANNES Ivry).<\/p>\n\n\n\n<p class=\"has-medium-font-size\">2 pneus AR neuf. Sortie de r\u00e9vision (plaquettes AV neuves entre autres).<\/p>\n\n\n\n<p class=\"has-medium-font-size\">CT OK.<\/p>\n\n\n\n<p class=\"has-medium-font-size\">Options : <\/p>\n\n\n\n<p class=\"has-medium-font-size\">&#8211; Peinture Chili Red. <\/p>\n\n\n\n<p class=\"has-medium-font-size\">&#8211; Tissu\/Cuir Ray Carbon Black. <\/p>\n\n\n\n<p class=\"has-medium-font-size\">&#8211; Suspension Sport. <\/p>\n\n\n\n<p class=\"has-medium-font-size\">&#8211; Jantes en alliage l\u00e9ger \u00ab Web SPoke \u00bb bicolores anthracites. <\/p>\n\n\n\n<p class=\"has-medium-font-size\">&#8211; Bandes noires sur capot, toit et r\u00e9troviseur noirs. <\/p>\n\n\n\n<p class=\"has-medium-font-size\">&#8211; Inserts Aluminium Bross\u00e9. <\/p>\n\n\n\n<p class=\"has-medium-font-size\">&#8211; Syst\u00e8me de haut-parleurs Hi-Fi Harman\/Kardon. <\/p>\n\n\n\n<p class=\"has-medium-font-size\">&#8211; Radio Boost CD. <\/p>\n\n\n\n<p class=\"has-medium-font-size\">&#8211; Set 2 antibrouillard AV.<\/p>\n\n\n\n<p class=\"has-medium-font-size\"><\/p>\n\n\n\n<p class=\"has-medium-font-size\">D\u00e9fauts : <\/p>\n\n\n\n<p class=\"has-medium-font-size\">&#8211; Ancien v\u00e9hicule fumeur. <\/p>\n\n\n\n<p class=\"has-medium-font-size\">&#8211; L\u00e9g\u00e8re rayure sur la porte G. <\/p>\n\n\n\n<p class=\"has-medium-font-size\">&#8211; Peinture abim\u00e9 sur le dessus de l\u2019aile AV D (Cf. photo). <\/p>\n\n\n\n<p class=\"has-medium-font-size\">&#8211; L\u00e9g\u00e8res rayures pare-chocs AV D et G. <\/p>\n\n\n\n<p class=\"has-medium-font-size\">&#8211; L\u00e9g\u00e8res corrosions sur roues (partie chrom\u00e9s).<\/p>\n\n\n\n<p class=\"has-medium-font-size\"><\/p>\n\n\n\n<p class=\"has-medium-font-size\">Pr\u00eat \u00e0 parcourir toutes distances.<\/p>\n\n\n\n<p class=\"has-medium-font-size\">Visible sur Paris 20.<\/p>\n","protected":false},"excerpt":{"rendered":"<p>1\u00e8re main \u2013 77 000 km. Historique connu (entretien MINI Paris 12, puis MANNES Ivry). 2 pneus AR neuf. Sortie de r\u00e9vision (plaquettes AV neuves entre autres). CT OK. Options : &#8211; Peinture Chili Red. &#8211; Tissu\/Cuir Ray Carbon Black. &#8211; Suspension Sport. &#8211; Jantes en alliage l\u00e9ger \u00ab Web SPoke \u00bb bicolores anthracites. &#8211; &#8230; <a title=\"MINI COOPER S 184 ch (R56 v1.1) &#8211; 2010 &#8211; [VENDUE]\" class=\"read-more\" href=\"https:\/\/allcars.fr\/?p=5284\" aria-label=\"En savoir plus sur MINI COOPER S 184 ch (R56 v1.1) &#8211; 2010 &#8211; [VENDUE]\">Lire la suite<\/a><\/p>\n","protected":false},"author":1,"featured_media":0,"comment_status":"closed","ping_status":"open","sticky":false,"template":"","format":"standard","meta":{"_jetpack_memberships_contains_paid_content":false,"footnotes":""},"categories":[12,16],"tags":[],"class_list":["post-5284","post","type-post","status-publish","format-standard","hentry","category-annonces-voitures","category-vendus"],"jetpack_featured_media_url":"","jetpack_sharing_enabled":true,"_links":{"self":[{"href":"https:\/\/allcars.fr\/index.php?rest_route=\/wp\/v2\/posts\/5284","targetHints":{"allow":["GET"]}}],"collection":[{"href":"https:\/\/allcars.fr\/index.php?rest_route=\/wp\/v2\/posts"}],"about":[{"href":"https:\/\/allcars.fr\/index.php?rest_route=\/wp\/v2\/types\/post"}],"author":[{"embeddable":true,"href":"https:\/\/allcars.fr\/index.php?rest_route=\/wp\/v2\/users\/1"}],"replies":[{"embeddable":true,"href":"https:\/\/allcars.fr\/index.php?rest_route=%2Fwp%2Fv2%2Fcomments&post=5284"}],"version-history":[{"count":6,"href":"https:\/\/allcars.fr\/index.php?rest_route=\/wp\/v2\/posts\/5284\/revisions"}],"predecessor-version":[{"id":5476,"href":"https:\/\/allcars.fr\/index.php?rest_route=\/wp\/v2\/posts\/5284\/revisions\/5476"}],"wp:attachment":[{"href":"https:\/\/allcars.fr\/index.php?rest_route=%2Fwp%2Fv2%2Fmedia&parent=5284"}],"wp:term":[{"taxonomy":"category","embeddable":true,"href":"https:\/\/allcars.fr\/index.php?rest_route=%2Fwp%2Fv2%2Fcategories&post=5284"},{"taxonomy":"post_tag","embeddable":true,"href":"https:\/\/allcars.fr\/index.php?rest_route=%2Fwp%2Fv2%2Ftags&post=5284"}],"curies":[{"name":"wp","href":"https:\/\/api.w.org\/{rel}","templated":true}]}}