{"id":5227,"date":"2020-09-08T09:58:46","date_gmt":"2020-09-08T07:58:46","guid":{"rendered":"http:\/\/allcars.fr\/?p=5227"},"modified":"2023-03-02T10:00:29","modified_gmt":"2023-03-02T08:00:29","slug":"hd-boober-1340-1992-a-vendre-test-2","status":"publish","type":"post","link":"https:\/\/allcars.fr\/?p=5227","title":{"rendered":"HD FXRS 1340 &#8211; 1992 &#8211; [VENDUE]"},"content":{"rendered":"<p><code id=\"envira_shortcode_id_5229\"><div id=\"envira-gallery-wrap-5229\" class=\"envira-gallery-wrap envira-gallery-theme-base envira-lightbox-theme-base\" itemscope itemtype=\"https:\/\/schema.org\/ImageGallery\"><div data-row-height=\"150\" data-gallery-theme=\"normal\" id=\"envira-gallery-5229\" class=\"envira-gallery-public envira-gallery-justified-public envira-gallery-0-columns envira-clear enviratope envira-gallery-css-animations\" data-envira-columns=\"0\"><div id=\"envira-gallery-item-5230\" class=\"envira-gallery-item enviratope-item envira-gallery-item-1 envira-lazy-load\" style=\"padding-left: 5px; padding-bottom: 10px; padding-right: 5px;\"  itemscope itemtype=\"https:\/\/schema.org\/ImageObject\"><div class=\"envira-gallery-item-inner\"><div class=\"envira-gallery-position-overlay  envira-gallery-top-left\"><\/div><div class=\"envira-gallery-position-overlay  envira-gallery-top-right\"><\/div><div class=\"envira-gallery-position-overlay  envira-gallery-bottom-left\"><\/div><div class=\"envira-gallery-position-overlay  envira-gallery-bottom-right\"><\/div><a href=\"http:\/\/allcars.fr\/wp-content\/uploads\/2020\/09\/P1010521.jpg\" class=\"envira-gallery-5229 envira-gallery-link\" rel=\"enviragallery5229\" title=\"P1010521\" data-envira-caption=\"P1010521\" data-envira-retina=\"\" data-thumbnail=\"\"  itemprop=\"contentUrl\"><img decoding=\"async\" id=\"envira-gallery-image-5230\" class=\"envira-gallery-image envira-gallery-image-1 envira-normal envira-lazy\" data-envira-index=\"1\" src=\"https:\/\/allcars.fr\/wp-content\/uploads\/2020\/09\/P1010521-683x1024-640x480.jpg\" data-envira-src=\"https:\/\/allcars.fr\/wp-content\/uploads\/2020\/09\/P1010521-683x1024-640x480.jpg\" data-envira-gallery-id=\"5229\" data-envira-item-id=\"5230\" data-envira-caption=\"P1010521\" alt=\"\" title=\"P1010521\"  itemprop=\"thumbnailUrl\" data-envira-srcset=\"https:\/\/allcars.fr\/wp-content\/uploads\/2020\/09\/P1010521-683x1024-640x480.jpg 400w,https:\/\/allcars.fr\/wp-content\/uploads\/2020\/09\/P1010521-683x1024-640x480.jpg 2x\" data-envira-width=\"200\" data-envira-height=\"300\" srcset=\"data:image\/gif;base64,R0lGODlhAQABAIAAAP\/\/\/\/\/\/\/yH5BAEKAAEALAAAAAABAAEAAAICTAEAOw==\" data-safe-src=\"data:image\/gif;base64,R0lGODlhAQABAIAAAP\/\/\/\/\/\/\/yH5BAEKAAEALAAAAAABAAEAAAICTAEAOw==\" \/><\/a><\/div><\/div><div id=\"envira-gallery-item-5231\" class=\"envira-gallery-item enviratope-item envira-gallery-item-2 envira-lazy-load\" style=\"padding-left: 5px; padding-bottom: 10px; padding-right: 5px;\"  itemscope itemtype=\"https:\/\/schema.org\/ImageObject\"><div class=\"envira-gallery-item-inner\"><div class=\"envira-gallery-position-overlay  envira-gallery-top-left\"><\/div><div class=\"envira-gallery-position-overlay  envira-gallery-top-right\"><\/div><div class=\"envira-gallery-position-overlay  envira-gallery-bottom-left\"><\/div><div class=\"envira-gallery-position-overlay  envira-gallery-bottom-right\"><\/div><a href=\"http:\/\/allcars.fr\/wp-content\/uploads\/2020\/09\/P1010522.jpg\" class=\"envira-gallery-5229 envira-gallery-link\" rel=\"enviragallery5229\" title=\"P1010522\" data-envira-caption=\"P1010522\" data-envira-retina=\"\" data-thumbnail=\"\"  itemprop=\"contentUrl\"><img decoding=\"async\" id=\"envira-gallery-image-5231\" class=\"envira-gallery-image envira-gallery-image-2 envira-normal envira-lazy\" data-envira-index=\"2\" src=\"https:\/\/allcars.fr\/wp-content\/uploads\/2020\/09\/P1010522-683x1024-640x480.jpg\" data-envira-src=\"https:\/\/allcars.fr\/wp-content\/uploads\/2020\/09\/P1010522-683x1024-640x480.jpg\" data-envira-gallery-id=\"5229\" data-envira-item-id=\"5231\" data-envira-caption=\"P1010522\" alt=\"\" title=\"P1010522\"  itemprop=\"thumbnailUrl\" data-envira-srcset=\"https:\/\/allcars.fr\/wp-content\/uploads\/2020\/09\/P1010522-683x1024-640x480.jpg 400w,https:\/\/allcars.fr\/wp-content\/uploads\/2020\/09\/P1010522-683x1024-640x480.jpg 2x\" data-envira-width=\"200\" data-envira-height=\"300\" srcset=\"data:image\/gif;base64,R0lGODlhAQABAIAAAP\/\/\/\/\/\/\/yH5BAEKAAEALAAAAAABAAEAAAICTAEAOw==\" data-safe-src=\"data:image\/gif;base64,R0lGODlhAQABAIAAAP\/\/\/\/\/\/\/yH5BAEKAAEALAAAAAABAAEAAAICTAEAOw==\" \/><\/a><\/div><\/div><div id=\"envira-gallery-item-5232\" class=\"envira-gallery-item enviratope-item envira-gallery-item-3 envira-lazy-load\" style=\"padding-left: 5px; padding-bottom: 10px; padding-right: 5px;\"  itemscope itemtype=\"https:\/\/schema.org\/ImageObject\"><div class=\"envira-gallery-item-inner\"><div class=\"envira-gallery-position-overlay  envira-gallery-top-left\"><\/div><div class=\"envira-gallery-position-overlay  envira-gallery-top-right\"><\/div><div class=\"envira-gallery-position-overlay  envira-gallery-bottom-left\"><\/div><div class=\"envira-gallery-position-overlay  envira-gallery-bottom-right\"><\/div><a href=\"http:\/\/allcars.fr\/wp-content\/uploads\/2020\/09\/P1010523.jpg\" class=\"envira-gallery-5229 envira-gallery-link\" rel=\"enviragallery5229\" title=\"P1010523\" data-envira-caption=\"P1010523\" data-envira-retina=\"\" data-thumbnail=\"\"  itemprop=\"contentUrl\"><img decoding=\"async\" id=\"envira-gallery-image-5232\" class=\"envira-gallery-image envira-gallery-image-3 envira-normal envira-lazy\" data-envira-index=\"3\" src=\"https:\/\/allcars.fr\/wp-content\/uploads\/2020\/09\/P1010523-1024x683-640x480.jpg\" data-envira-src=\"https:\/\/allcars.fr\/wp-content\/uploads\/2020\/09\/P1010523-1024x683-640x480.jpg\" data-envira-gallery-id=\"5229\" data-envira-item-id=\"5232\" data-envira-caption=\"P1010523\" alt=\"\" title=\"P1010523\"  itemprop=\"thumbnailUrl\" data-envira-srcset=\"https:\/\/allcars.fr\/wp-content\/uploads\/2020\/09\/P1010523-1024x683-640x480.jpg 400w,https:\/\/allcars.fr\/wp-content\/uploads\/2020\/09\/P1010523-1024x683-640x480.jpg 2x\" data-envira-width=\"300\" data-envira-height=\"200\" srcset=\"data:image\/gif;base64,R0lGODlhAQABAIAAAP\/\/\/\/\/\/\/yH5BAEKAAEALAAAAAABAAEAAAICTAEAOw==\" data-safe-src=\"data:image\/gif;base64,R0lGODlhAQABAIAAAP\/\/\/\/\/\/\/yH5BAEKAAEALAAAAAABAAEAAAICTAEAOw==\" \/><\/a><\/div><\/div><div id=\"envira-gallery-item-5233\" class=\"envira-gallery-item enviratope-item envira-gallery-item-4 envira-lazy-load\" style=\"padding-left: 5px; padding-bottom: 10px; padding-right: 5px;\"  itemscope itemtype=\"https:\/\/schema.org\/ImageObject\"><div class=\"envira-gallery-item-inner\"><div class=\"envira-gallery-position-overlay  envira-gallery-top-left\"><\/div><div class=\"envira-gallery-position-overlay  envira-gallery-top-right\"><\/div><div class=\"envira-gallery-position-overlay  envira-gallery-bottom-left\"><\/div><div class=\"envira-gallery-position-overlay  envira-gallery-bottom-right\"><\/div><a href=\"http:\/\/allcars.fr\/wp-content\/uploads\/2020\/09\/P1010524.jpg\" class=\"envira-gallery-5229 envira-gallery-link\" rel=\"enviragallery5229\" title=\"P1010524\" data-envira-caption=\"P1010524\" data-envira-retina=\"\" data-thumbnail=\"\"  itemprop=\"contentUrl\"><img decoding=\"async\" id=\"envira-gallery-image-5233\" class=\"envira-gallery-image envira-gallery-image-4 envira-normal envira-lazy\" data-envira-index=\"4\" src=\"https:\/\/allcars.fr\/wp-content\/uploads\/2020\/09\/P1010524-1024x683-640x480.jpg\" data-envira-src=\"https:\/\/allcars.fr\/wp-content\/uploads\/2020\/09\/P1010524-1024x683-640x480.jpg\" data-envira-gallery-id=\"5229\" data-envira-item-id=\"5233\" data-envira-caption=\"P1010524\" alt=\"\" title=\"P1010524\"  itemprop=\"thumbnailUrl\" data-envira-srcset=\"https:\/\/allcars.fr\/wp-content\/uploads\/2020\/09\/P1010524-1024x683-640x480.jpg 400w,https:\/\/allcars.fr\/wp-content\/uploads\/2020\/09\/P1010524-1024x683-640x480.jpg 2x\" data-envira-width=\"300\" data-envira-height=\"200\" srcset=\"data:image\/gif;base64,R0lGODlhAQABAIAAAP\/\/\/\/\/\/\/yH5BAEKAAEALAAAAAABAAEAAAICTAEAOw==\" data-safe-src=\"data:image\/gif;base64,R0lGODlhAQABAIAAAP\/\/\/\/\/\/\/yH5BAEKAAEALAAAAAABAAEAAAICTAEAOw==\" \/><\/a><\/div><\/div><div id=\"envira-gallery-item-5234\" class=\"envira-gallery-item enviratope-item envira-gallery-item-5 envira-lazy-load\" style=\"padding-left: 5px; padding-bottom: 10px; padding-right: 5px;\"  itemscope itemtype=\"https:\/\/schema.org\/ImageObject\"><div class=\"envira-gallery-item-inner\"><div class=\"envira-gallery-position-overlay  envira-gallery-top-left\"><\/div><div class=\"envira-gallery-position-overlay  envira-gallery-top-right\"><\/div><div class=\"envira-gallery-position-overlay  envira-gallery-bottom-left\"><\/div><div class=\"envira-gallery-position-overlay  envira-gallery-bottom-right\"><\/div><a href=\"http:\/\/allcars.fr\/wp-content\/uploads\/2020\/09\/P1010525.jpg\" class=\"envira-gallery-5229 envira-gallery-link\" rel=\"enviragallery5229\" title=\"P1010525\" data-envira-caption=\"P1010525\" data-envira-retina=\"\" data-thumbnail=\"\"  itemprop=\"contentUrl\"><img decoding=\"async\" id=\"envira-gallery-image-5234\" class=\"envira-gallery-image envira-gallery-image-5 envira-normal envira-lazy\" data-envira-index=\"5\" src=\"https:\/\/allcars.fr\/wp-content\/uploads\/2020\/09\/P1010525-1024x683-640x480.jpg\" data-envira-src=\"https:\/\/allcars.fr\/wp-content\/uploads\/2020\/09\/P1010525-1024x683-640x480.jpg\" data-envira-gallery-id=\"5229\" data-envira-item-id=\"5234\" data-envira-caption=\"P1010525\" alt=\"\" title=\"P1010525\"  itemprop=\"thumbnailUrl\" data-envira-srcset=\"https:\/\/allcars.fr\/wp-content\/uploads\/2020\/09\/P1010525-1024x683-640x480.jpg 400w,https:\/\/allcars.fr\/wp-content\/uploads\/2020\/09\/P1010525-1024x683-640x480.jpg 2x\" data-envira-width=\"300\" data-envira-height=\"200\" srcset=\"data:image\/gif;base64,R0lGODlhAQABAIAAAP\/\/\/\/\/\/\/yH5BAEKAAEALAAAAAABAAEAAAICTAEAOw==\" data-safe-src=\"data:image\/gif;base64,R0lGODlhAQABAIAAAP\/\/\/\/\/\/\/yH5BAEKAAEALAAAAAABAAEAAAICTAEAOw==\" \/><\/a><\/div><\/div><div id=\"envira-gallery-item-5235\" class=\"envira-gallery-item enviratope-item envira-gallery-item-6 envira-lazy-load\" style=\"padding-left: 5px; padding-bottom: 10px; padding-right: 5px;\"  itemscope itemtype=\"https:\/\/schema.org\/ImageObject\"><div class=\"envira-gallery-item-inner\"><div class=\"envira-gallery-position-overlay  envira-gallery-top-left\"><\/div><div class=\"envira-gallery-position-overlay  envira-gallery-top-right\"><\/div><div class=\"envira-gallery-position-overlay  envira-gallery-bottom-left\"><\/div><div class=\"envira-gallery-position-overlay  envira-gallery-bottom-right\"><\/div><a href=\"http:\/\/allcars.fr\/wp-content\/uploads\/2020\/09\/P1010513.jpg\" class=\"envira-gallery-5229 envira-gallery-link\" rel=\"enviragallery5229\" title=\"P1010513\" data-envira-caption=\"P1010513\" data-envira-retina=\"\" data-thumbnail=\"\"  itemprop=\"contentUrl\"><img decoding=\"async\" id=\"envira-gallery-image-5235\" class=\"envira-gallery-image envira-gallery-image-6 envira-normal envira-lazy\" data-envira-index=\"6\" src=\"https:\/\/allcars.fr\/wp-content\/uploads\/2020\/09\/P1010513-698x1024-640x480.jpg\" data-envira-src=\"https:\/\/allcars.fr\/wp-content\/uploads\/2020\/09\/P1010513-698x1024-640x480.jpg\" data-envira-gallery-id=\"5229\" data-envira-item-id=\"5235\" data-envira-caption=\"P1010513\" alt=\"\" title=\"P1010513\"  itemprop=\"thumbnailUrl\" data-envira-srcset=\"https:\/\/allcars.fr\/wp-content\/uploads\/2020\/09\/P1010513-698x1024-640x480.jpg 400w,https:\/\/allcars.fr\/wp-content\/uploads\/2020\/09\/P1010513-698x1024-640x480.jpg 2x\" data-envira-width=\"205\" data-envira-height=\"300\" srcset=\"data:image\/gif;base64,R0lGODlhAQABAIAAAP\/\/\/\/\/\/\/yH5BAEKAAEALAAAAAABAAEAAAICTAEAOw==\" data-safe-src=\"data:image\/gif;base64,R0lGODlhAQABAIAAAP\/\/\/\/\/\/\/yH5BAEKAAEALAAAAAABAAEAAAICTAEAOw==\" \/><\/a><\/div><\/div><div id=\"envira-gallery-item-5236\" class=\"envira-gallery-item enviratope-item envira-gallery-item-7 envira-lazy-load\" style=\"padding-left: 5px; padding-bottom: 10px; padding-right: 5px;\"  itemscope itemtype=\"https:\/\/schema.org\/ImageObject\"><div class=\"envira-gallery-item-inner\"><div class=\"envira-gallery-position-overlay  envira-gallery-top-left\"><\/div><div class=\"envira-gallery-position-overlay  envira-gallery-top-right\"><\/div><div class=\"envira-gallery-position-overlay  envira-gallery-bottom-left\"><\/div><div class=\"envira-gallery-position-overlay  envira-gallery-bottom-right\"><\/div><a href=\"http:\/\/allcars.fr\/wp-content\/uploads\/2020\/09\/P1010514.jpg\" class=\"envira-gallery-5229 envira-gallery-link\" rel=\"enviragallery5229\" title=\"P1010514\" data-envira-caption=\"P1010514\" data-envira-retina=\"\" data-thumbnail=\"\"  itemprop=\"contentUrl\"><img decoding=\"async\" id=\"envira-gallery-image-5236\" class=\"envira-gallery-image envira-gallery-image-7 envira-normal envira-lazy\" data-envira-index=\"7\" src=\"https:\/\/allcars.fr\/wp-content\/uploads\/2020\/09\/P1010514-1024x683-640x480.jpg\" data-envira-src=\"https:\/\/allcars.fr\/wp-content\/uploads\/2020\/09\/P1010514-1024x683-640x480.jpg\" data-envira-gallery-id=\"5229\" data-envira-item-id=\"5236\" data-envira-caption=\"P1010514\" alt=\"\" title=\"P1010514\"  itemprop=\"thumbnailUrl\" data-envira-srcset=\"https:\/\/allcars.fr\/wp-content\/uploads\/2020\/09\/P1010514-1024x683-640x480.jpg 400w,https:\/\/allcars.fr\/wp-content\/uploads\/2020\/09\/P1010514-1024x683-640x480.jpg 2x\" data-envira-width=\"300\" data-envira-height=\"200\" srcset=\"data:image\/gif;base64,R0lGODlhAQABAIAAAP\/\/\/\/\/\/\/yH5BAEKAAEALAAAAAABAAEAAAICTAEAOw==\" data-safe-src=\"data:image\/gif;base64,R0lGODlhAQABAIAAAP\/\/\/\/\/\/\/yH5BAEKAAEALAAAAAABAAEAAAICTAEAOw==\" \/><\/a><\/div><\/div><div id=\"envira-gallery-item-5237\" class=\"envira-gallery-item enviratope-item envira-gallery-item-8 envira-lazy-load\" style=\"padding-left: 5px; padding-bottom: 10px; padding-right: 5px;\"  itemscope itemtype=\"https:\/\/schema.org\/ImageObject\"><div class=\"envira-gallery-item-inner\"><div class=\"envira-gallery-position-overlay  envira-gallery-top-left\"><\/div><div class=\"envira-gallery-position-overlay  envira-gallery-top-right\"><\/div><div class=\"envira-gallery-position-overlay  envira-gallery-bottom-left\"><\/div><div class=\"envira-gallery-position-overlay  envira-gallery-bottom-right\"><\/div><a href=\"http:\/\/allcars.fr\/wp-content\/uploads\/2020\/09\/P1010516.jpg\" class=\"envira-gallery-5229 envira-gallery-link\" rel=\"enviragallery5229\" title=\"P1010516\" data-envira-caption=\"P1010516\" data-envira-retina=\"\" data-thumbnail=\"\"  itemprop=\"contentUrl\"><img decoding=\"async\" id=\"envira-gallery-image-5237\" class=\"envira-gallery-image envira-gallery-image-8 envira-normal envira-lazy\" data-envira-index=\"8\" src=\"https:\/\/allcars.fr\/wp-content\/uploads\/2020\/09\/P1010516-1024x683-640x480.jpg\" data-envira-src=\"https:\/\/allcars.fr\/wp-content\/uploads\/2020\/09\/P1010516-1024x683-640x480.jpg\" data-envira-gallery-id=\"5229\" data-envira-item-id=\"5237\" data-envira-caption=\"P1010516\" alt=\"\" title=\"P1010516\"  itemprop=\"thumbnailUrl\" data-envira-srcset=\"https:\/\/allcars.fr\/wp-content\/uploads\/2020\/09\/P1010516-1024x683-640x480.jpg 400w,https:\/\/allcars.fr\/wp-content\/uploads\/2020\/09\/P1010516-1024x683-640x480.jpg 2x\" data-envira-width=\"300\" data-envira-height=\"200\" srcset=\"data:image\/gif;base64,R0lGODlhAQABAIAAAP\/\/\/\/\/\/\/yH5BAEKAAEALAAAAAABAAEAAAICTAEAOw==\" data-safe-src=\"data:image\/gif;base64,R0lGODlhAQABAIAAAP\/\/\/\/\/\/\/yH5BAEKAAEALAAAAAABAAEAAAICTAEAOw==\" \/><\/a><\/div><\/div><div id=\"envira-gallery-item-5238\" class=\"envira-gallery-item enviratope-item envira-gallery-item-9 envira-lazy-load\" style=\"padding-left: 5px; padding-bottom: 10px; padding-right: 5px;\"  itemscope itemtype=\"https:\/\/schema.org\/ImageObject\"><div class=\"envira-gallery-item-inner\"><div class=\"envira-gallery-position-overlay  envira-gallery-top-left\"><\/div><div class=\"envira-gallery-position-overlay  envira-gallery-top-right\"><\/div><div class=\"envira-gallery-position-overlay  envira-gallery-bottom-left\"><\/div><div class=\"envira-gallery-position-overlay  envira-gallery-bottom-right\"><\/div><a href=\"http:\/\/allcars.fr\/wp-content\/uploads\/2020\/09\/P1010517.jpg\" class=\"envira-gallery-5229 envira-gallery-link\" rel=\"enviragallery5229\" title=\"P1010517\" data-envira-caption=\"P1010517\" data-envira-retina=\"\" data-thumbnail=\"\"  itemprop=\"contentUrl\"><img decoding=\"async\" id=\"envira-gallery-image-5238\" class=\"envira-gallery-image envira-gallery-image-9 envira-normal envira-lazy\" data-envira-index=\"9\" src=\"https:\/\/allcars.fr\/wp-content\/uploads\/2020\/09\/P1010517-1024x683-640x480.jpg\" data-envira-src=\"https:\/\/allcars.fr\/wp-content\/uploads\/2020\/09\/P1010517-1024x683-640x480.jpg\" data-envira-gallery-id=\"5229\" data-envira-item-id=\"5238\" data-envira-caption=\"P1010517\" alt=\"\" title=\"P1010517\"  itemprop=\"thumbnailUrl\" data-envira-srcset=\"https:\/\/allcars.fr\/wp-content\/uploads\/2020\/09\/P1010517-1024x683-640x480.jpg 400w,https:\/\/allcars.fr\/wp-content\/uploads\/2020\/09\/P1010517-1024x683-640x480.jpg 2x\" data-envira-width=\"300\" data-envira-height=\"200\" srcset=\"data:image\/gif;base64,R0lGODlhAQABAIAAAP\/\/\/\/\/\/\/yH5BAEKAAEALAAAAAABAAEAAAICTAEAOw==\" data-safe-src=\"data:image\/gif;base64,R0lGODlhAQABAIAAAP\/\/\/\/\/\/\/yH5BAEKAAEALAAAAAABAAEAAAICTAEAOw==\" \/><\/a><\/div><\/div><div id=\"envira-gallery-item-5239\" class=\"envira-gallery-item enviratope-item envira-gallery-item-10 envira-lazy-load\" style=\"padding-left: 5px; padding-bottom: 10px; padding-right: 5px;\"  itemscope itemtype=\"https:\/\/schema.org\/ImageObject\"><div class=\"envira-gallery-item-inner\"><div class=\"envira-gallery-position-overlay  envira-gallery-top-left\"><\/div><div class=\"envira-gallery-position-overlay  envira-gallery-top-right\"><\/div><div class=\"envira-gallery-position-overlay  envira-gallery-bottom-left\"><\/div><div class=\"envira-gallery-position-overlay  envira-gallery-bottom-right\"><\/div><a href=\"http:\/\/allcars.fr\/wp-content\/uploads\/2020\/09\/P1010518.jpg\" class=\"envira-gallery-5229 envira-gallery-link\" rel=\"enviragallery5229\" title=\"P1010518\" data-envira-caption=\"P1010518\" data-envira-retina=\"\" data-thumbnail=\"\"  itemprop=\"contentUrl\"><img decoding=\"async\" id=\"envira-gallery-image-5239\" class=\"envira-gallery-image envira-gallery-image-10 envira-normal envira-lazy\" data-envira-index=\"10\" src=\"https:\/\/allcars.fr\/wp-content\/uploads\/2020\/09\/P1010518-1024x758-640x480.jpg\" data-envira-src=\"https:\/\/allcars.fr\/wp-content\/uploads\/2020\/09\/P1010518-1024x758-640x480.jpg\" data-envira-gallery-id=\"5229\" data-envira-item-id=\"5239\" data-envira-caption=\"P1010518\" alt=\"\" title=\"P1010518\"  itemprop=\"thumbnailUrl\" data-envira-srcset=\"https:\/\/allcars.fr\/wp-content\/uploads\/2020\/09\/P1010518-1024x758-640x480.jpg 400w,https:\/\/allcars.fr\/wp-content\/uploads\/2020\/09\/P1010518-1024x758-640x480.jpg 2x\" data-envira-width=\"300\" data-envira-height=\"222\" srcset=\"data:image\/gif;base64,R0lGODlhAQABAIAAAP\/\/\/\/\/\/\/yH5BAEKAAEALAAAAAABAAEAAAICTAEAOw==\" data-safe-src=\"data:image\/gif;base64,R0lGODlhAQABAIAAAP\/\/\/\/\/\/\/yH5BAEKAAEALAAAAAABAAEAAAICTAEAOw==\" \/><\/a><\/div><\/div><div id=\"envira-gallery-item-5240\" class=\"envira-gallery-item enviratope-item envira-gallery-item-11 envira-lazy-load\" style=\"padding-left: 5px; padding-bottom: 10px; padding-right: 5px;\"  itemscope itemtype=\"https:\/\/schema.org\/ImageObject\"><div class=\"envira-gallery-item-inner\"><div class=\"envira-gallery-position-overlay  envira-gallery-top-left\"><\/div><div class=\"envira-gallery-position-overlay  envira-gallery-top-right\"><\/div><div class=\"envira-gallery-position-overlay  envira-gallery-bottom-left\"><\/div><div class=\"envira-gallery-position-overlay  envira-gallery-bottom-right\"><\/div><a href=\"http:\/\/allcars.fr\/wp-content\/uploads\/2020\/09\/P1010519.jpg\" class=\"envira-gallery-5229 envira-gallery-link\" rel=\"enviragallery5229\" title=\"P1010519\" data-envira-caption=\"P1010519\" data-envira-retina=\"\" data-thumbnail=\"\"  itemprop=\"contentUrl\"><img decoding=\"async\" id=\"envira-gallery-image-5240\" class=\"envira-gallery-image envira-gallery-image-11 envira-normal envira-lazy\" data-envira-index=\"11\" src=\"https:\/\/allcars.fr\/wp-content\/uploads\/2020\/09\/P1010519-1024x683-640x480.jpg\" data-envira-src=\"https:\/\/allcars.fr\/wp-content\/uploads\/2020\/09\/P1010519-1024x683-640x480.jpg\" data-envira-gallery-id=\"5229\" data-envira-item-id=\"5240\" data-envira-caption=\"P1010519\" alt=\"\" title=\"P1010519\"  itemprop=\"thumbnailUrl\" data-envira-srcset=\"https:\/\/allcars.fr\/wp-content\/uploads\/2020\/09\/P1010519-1024x683-640x480.jpg 400w,https:\/\/allcars.fr\/wp-content\/uploads\/2020\/09\/P1010519-1024x683-640x480.jpg 2x\" data-envira-width=\"300\" data-envira-height=\"200\" srcset=\"data:image\/gif;base64,R0lGODlhAQABAIAAAP\/\/\/\/\/\/\/yH5BAEKAAEALAAAAAABAAEAAAICTAEAOw==\" data-safe-src=\"data:image\/gif;base64,R0lGODlhAQABAIAAAP\/\/\/\/\/\/\/yH5BAEKAAEALAAAAAABAAEAAAICTAEAOw==\" \/><\/a><\/div><\/div><div id=\"envira-gallery-item-5241\" class=\"envira-gallery-item enviratope-item envira-gallery-item-12 envira-lazy-load\" style=\"padding-left: 5px; padding-bottom: 10px; padding-right: 5px;\"  itemscope itemtype=\"https:\/\/schema.org\/ImageObject\"><div class=\"envira-gallery-item-inner\"><div class=\"envira-gallery-position-overlay  envira-gallery-top-left\"><\/div><div class=\"envira-gallery-position-overlay  envira-gallery-top-right\"><\/div><div class=\"envira-gallery-position-overlay  envira-gallery-bottom-left\"><\/div><div class=\"envira-gallery-position-overlay  envira-gallery-bottom-right\"><\/div><a href=\"http:\/\/allcars.fr\/wp-content\/uploads\/2020\/09\/P1010520.jpg\" class=\"envira-gallery-5229 envira-gallery-link\" rel=\"enviragallery5229\" title=\"P1010520\" data-envira-caption=\"P1010520\" data-envira-retina=\"\" data-thumbnail=\"\"  itemprop=\"contentUrl\"><img decoding=\"async\" id=\"envira-gallery-image-5241\" class=\"envira-gallery-image envira-gallery-image-12 envira-normal envira-lazy\" data-envira-index=\"12\" src=\"https:\/\/allcars.fr\/wp-content\/uploads\/2020\/09\/P1010520-1024x683-640x480.jpg\" data-envira-src=\"https:\/\/allcars.fr\/wp-content\/uploads\/2020\/09\/P1010520-1024x683-640x480.jpg\" data-envira-gallery-id=\"5229\" data-envira-item-id=\"5241\" data-envira-caption=\"P1010520\" alt=\"\" title=\"P1010520\"  itemprop=\"thumbnailUrl\" data-envira-srcset=\"https:\/\/allcars.fr\/wp-content\/uploads\/2020\/09\/P1010520-1024x683-640x480.jpg 400w,https:\/\/allcars.fr\/wp-content\/uploads\/2020\/09\/P1010520-1024x683-640x480.jpg 2x\" data-envira-width=\"300\" data-envira-height=\"200\" srcset=\"data:image\/gif;base64,R0lGODlhAQABAIAAAP\/\/\/\/\/\/\/yH5BAEKAAEALAAAAAABAAEAAAICTAEAOw==\" data-safe-src=\"data:image\/gif;base64,R0lGODlhAQABAIAAAP\/\/\/\/\/\/\/yH5BAEKAAEALAAAAAABAAEAAAICTAEAOw==\" \/><\/a><\/div><\/div><\/div><\/div><noscript><img decoding=\"async\" src=\"https:\/\/allcars.fr\/wp-content\/uploads\/2020\/09\/P1010521.jpg\" alt=\"\" \/><img decoding=\"async\" src=\"https:\/\/allcars.fr\/wp-content\/uploads\/2020\/09\/P1010522.jpg\" alt=\"\" \/><img decoding=\"async\" src=\"https:\/\/allcars.fr\/wp-content\/uploads\/2020\/09\/P1010523.jpg\" alt=\"\" \/><img decoding=\"async\" src=\"https:\/\/allcars.fr\/wp-content\/uploads\/2020\/09\/P1010524.jpg\" alt=\"\" \/><img decoding=\"async\" src=\"https:\/\/allcars.fr\/wp-content\/uploads\/2020\/09\/P1010525.jpg\" alt=\"\" \/><img decoding=\"async\" src=\"https:\/\/allcars.fr\/wp-content\/uploads\/2020\/09\/P1010513.jpg\" alt=\"\" \/><img decoding=\"async\" src=\"https:\/\/allcars.fr\/wp-content\/uploads\/2020\/09\/P1010514.jpg\" alt=\"\" \/><img decoding=\"async\" src=\"https:\/\/allcars.fr\/wp-content\/uploads\/2020\/09\/P1010516.jpg\" alt=\"\" \/><img decoding=\"async\" src=\"https:\/\/allcars.fr\/wp-content\/uploads\/2020\/09\/P1010517.jpg\" alt=\"\" \/><img decoding=\"async\" src=\"https:\/\/allcars.fr\/wp-content\/uploads\/2020\/09\/P1010518.jpg\" alt=\"\" \/><img decoding=\"async\" src=\"https:\/\/allcars.fr\/wp-content\/uploads\/2020\/09\/P1010519.jpg\" alt=\"\" \/><img decoding=\"async\" src=\"https:\/\/allcars.fr\/wp-content\/uploads\/2020\/09\/P1010520.jpg\" alt=\"\" \/><\/noscript><\/code><\/p>\n<p>Constructeur : HARLEY DAVIDSON<br>Bo\u00eete de Vitesse : Manuelle (5 vitesses)<br>Mod\u00e8le : 1 340<br>Carburant : Essence<br>Type&nbsp; : Moto<br>Cylindr\u00e9e (cm cubes) : 1 340<br>Nombre de portes : \/<br>Date Contr\u00f4le Technique : \/<br>Kilom\u00e9trage (km \/ mi)&nbsp; : \/<br>Emplacement Volant : \/<br>Date v\u00e9hicule : 30\/03\/1992<br>Document v\u00e9hicule&nbsp; : Carte grise FR<br>Couleur carrosserie : Noire<br>Puissance fiscale : 12<br>Couleur int\u00e9rieur : \/<br>Puissance (ch DIN)&nbsp; :<br>Nombre de places : 1<br>Option(s) :<\/p>\n<p>Moto r\u00e9nov\u00e9 en 2006 :<br>&#8211; Peinture noire satin\u00e9e sur cadre, r\u00e9servoir et carter,<br>&#8211; Suspensions HD Screaming (r\u00e9glables),<br>&#8211; Freins M&amp;M, 4 pistons, avec disques flottants,<br>&#8211; Pot Supertrapp,<br>&#8211; Guidon Drag-bar Noir<\/p>\n<p>Moteur S&amp;S install\u00e9 en 2007 :<br>Moteur EVOLUTION BIG TWIN,<br>Cylindr\u00e9e : 96 CID (1698 cc),<br>Compression : 10.1:1,<br>Arbre \u00e0 came : S&amp;S 520 CAM,<br>Carburateur : S&amp;S SUPER E CARBURATOR,<br>Allumage : S&amp;S IST IGNITION,<\/p>\n<p>Selle \u00ab\u00a0La Perla\u00a0\u00bb monoplace a \u00e9t\u00e9 mont\u00e9e. L&rsquo;ancienne selle reste disponible.<br>Moteur mont\u00e9 chez ATS Bastille &#8211; Paris.<br>Entretien de la moto chez ATS Bastille &#8211; Paris.<br>Vente pour cause de double emploi.<br>Tr\u00e8s bon \u00e9tat g\u00e9n\u00e9ral.<\/p>\n<p>Plus de renseignement sur demande.<br>Visible sur Paris, sur rendez-vous.<\/p>\n\n\n<p><\/p>\n","protected":false},"excerpt":{"rendered":"<p>Constructeur : HARLEY DAVIDSONBo\u00eete de Vitesse : Manuelle (5 vitesses)Mod\u00e8le : 1 340Carburant : EssenceType&nbsp; : MotoCylindr\u00e9e (cm cubes) : 1 340Nombre de portes : \/Date Contr\u00f4le Technique : \/Kilom\u00e9trage (km \/ mi)&nbsp; : \/Emplacement Volant : \/Date v\u00e9hicule : 30\/03\/1992Document v\u00e9hicule&nbsp; : Carte grise FRCouleur carrosserie : NoirePuissance fiscale : 12Couleur int\u00e9rieur : \/Puissance &#8230; <a title=\"HD FXRS 1340 &#8211; 1992 &#8211; [VENDUE]\" class=\"read-more\" href=\"https:\/\/allcars.fr\/?p=5227\" aria-label=\"En savoir plus sur HD FXRS 1340 &#8211; 1992 &#8211; [VENDUE]\">Lire la suite<\/a><\/p>\n","protected":false},"author":1,"featured_media":0,"comment_status":"open","ping_status":"open","sticky":false,"template":"","format":"standard","meta":{"_jetpack_memberships_contains_paid_content":false,"footnotes":""},"categories":[13,16],"tags":[],"class_list":["post-5227","post","type-post","status-publish","format-standard","hentry","category-annonces-motos","category-vendus"],"jetpack_featured_media_url":"","jetpack_sharing_enabled":true,"_links":{"self":[{"href":"https:\/\/allcars.fr\/index.php?rest_route=\/wp\/v2\/posts\/5227","targetHints":{"allow":["GET"]}}],"collection":[{"href":"https:\/\/allcars.fr\/index.php?rest_route=\/wp\/v2\/posts"}],"about":[{"href":"https:\/\/allcars.fr\/index.php?rest_route=\/wp\/v2\/types\/post"}],"author":[{"embeddable":true,"href":"https:\/\/allcars.fr\/index.php?rest_route=\/wp\/v2\/users\/1"}],"replies":[{"embeddable":true,"href":"https:\/\/allcars.fr\/index.php?rest_route=%2Fwp%2Fv2%2Fcomments&post=5227"}],"version-history":[{"count":5,"href":"https:\/\/allcars.fr\/index.php?rest_route=\/wp\/v2\/posts\/5227\/revisions"}],"predecessor-version":[{"id":5474,"href":"https:\/\/allcars.fr\/index.php?rest_route=\/wp\/v2\/posts\/5227\/revisions\/5474"}],"wp:attachment":[{"href":"https:\/\/allcars.fr\/index.php?rest_route=%2Fwp%2Fv2%2Fmedia&parent=5227"}],"wp:term":[{"taxonomy":"category","embeddable":true,"href":"https:\/\/allcars.fr\/index.php?rest_route=%2Fwp%2Fv2%2Fcategories&post=5227"},{"taxonomy":"post_tag","embeddable":true,"href":"https:\/\/allcars.fr\/index.php?rest_route=%2Fwp%2Fv2%2Ftags&post=5227"}],"curies":[{"name":"wp","href":"https:\/\/api.w.org\/{rel}","templated":true}]}}