{"id":5110,"date":"2016-09-29T19:32:08","date_gmt":"2016-09-29T17:32:08","guid":{"rendered":"http:\/\/allcars.fr\/?p=5110"},"modified":"2023-05-31T17:49:11","modified_gmt":"2023-05-31T15:49:11","slug":"hd-boober-1340-1992-a-vendre-test","status":"publish","type":"post","link":"https:\/\/allcars.fr\/?p=5110","title":{"rendered":"HD Boober 1340 &#8211; 1992 &#8211; [VENDUE]"},"content":{"rendered":"<div id=\"envira-gallery-wrap-5195\" class=\"envira-gallery-wrap envira-gallery-theme-base envira-lightbox-theme-base\" itemscope itemtype=\"https:\/\/schema.org\/ImageGallery\"><div data-row-height=\"150\" data-gallery-theme=\"normal\" id=\"envira-gallery-5195\" class=\"envira-gallery-public envira-gallery-justified-public envira-gallery-0-columns envira-clear enviratope envira-gallery-css-animations\" data-envira-columns=\"0\"><div id=\"envira-gallery-item-5196\" class=\"envira-gallery-item enviratope-item envira-gallery-item-1 envira-lazy-load\" style=\"padding-left: 5px; padding-bottom: 10px; padding-right: 5px;\"  itemscope itemtype=\"https:\/\/schema.org\/ImageObject\"><div class=\"envira-gallery-item-inner\"><div class=\"envira-gallery-position-overlay  envira-gallery-top-left\"><\/div><div class=\"envira-gallery-position-overlay  envira-gallery-top-right\"><\/div><div class=\"envira-gallery-position-overlay  envira-gallery-bottom-left\"><\/div><div class=\"envira-gallery-position-overlay  envira-gallery-bottom-right\"><\/div><a href=\"http:\/\/allcars.fr\/wp-content\/uploads\/2017\/05\/DSC_5924.jpg\" class=\"envira-gallery-5195 envira-gallery-link\" rel=\"enviragallery5195\" title=\"DSC_5924\" data-envira-caption=\"DSC_5924\" data-envira-retina=\"\" data-thumbnail=\"\"  itemprop=\"contentUrl\"><img decoding=\"async\" id=\"envira-gallery-image-5196\" class=\"envira-gallery-image envira-gallery-image-1 envira-normal envira-lazy\" data-envira-index=\"1\" src=\"https:\/\/allcars.fr\/wp-content\/uploads\/2017\/05\/DSC_5924-1024x683-640x480.jpg\" data-envira-src=\"https:\/\/allcars.fr\/wp-content\/uploads\/2017\/05\/DSC_5924-1024x683-640x480.jpg\" data-envira-gallery-id=\"5195\" data-envira-item-id=\"5196\" data-envira-caption=\"DSC_5924\" alt=\"\" title=\"DSC_5924\"  itemprop=\"thumbnailUrl\" data-envira-srcset=\"https:\/\/allcars.fr\/wp-content\/uploads\/2017\/05\/DSC_5924-1024x683-640x480.jpg 400w,https:\/\/allcars.fr\/wp-content\/uploads\/2017\/05\/DSC_5924-1024x683-640x480.jpg 2x\" data-envira-width=\"300\" data-envira-height=\"200\" srcset=\"data:image\/gif;base64,R0lGODlhAQABAIAAAP\/\/\/\/\/\/\/yH5BAEKAAEALAAAAAABAAEAAAICTAEAOw==\" data-safe-src=\"data:image\/gif;base64,R0lGODlhAQABAIAAAP\/\/\/\/\/\/\/yH5BAEKAAEALAAAAAABAAEAAAICTAEAOw==\" \/><\/a><\/div><\/div><div id=\"envira-gallery-item-5197\" class=\"envira-gallery-item enviratope-item envira-gallery-item-2 envira-lazy-load\" style=\"padding-left: 5px; padding-bottom: 10px; padding-right: 5px;\"  itemscope itemtype=\"https:\/\/schema.org\/ImageObject\"><div class=\"envira-gallery-item-inner\"><div class=\"envira-gallery-position-overlay  envira-gallery-top-left\"><\/div><div class=\"envira-gallery-position-overlay  envira-gallery-top-right\"><\/div><div class=\"envira-gallery-position-overlay  envira-gallery-bottom-left\"><\/div><div class=\"envira-gallery-position-overlay  envira-gallery-bottom-right\"><\/div><a href=\"http:\/\/allcars.fr\/wp-content\/uploads\/2017\/05\/DSC_5904.jpg\" class=\"envira-gallery-5195 envira-gallery-link\" rel=\"enviragallery5195\" title=\"DSC_5904\" data-envira-caption=\"DSC_5904\" data-envira-retina=\"\" data-thumbnail=\"\"  itemprop=\"contentUrl\"><img decoding=\"async\" id=\"envira-gallery-image-5197\" class=\"envira-gallery-image envira-gallery-image-2 envira-normal envira-lazy\" data-envira-index=\"2\" src=\"https:\/\/allcars.fr\/wp-content\/uploads\/2017\/05\/DSC_5904-1024x683-640x480.jpg\" data-envira-src=\"https:\/\/allcars.fr\/wp-content\/uploads\/2017\/05\/DSC_5904-1024x683-640x480.jpg\" data-envira-gallery-id=\"5195\" data-envira-item-id=\"5197\" data-envira-caption=\"DSC_5904\" alt=\"\" title=\"DSC_5904\"  itemprop=\"thumbnailUrl\" data-envira-srcset=\"https:\/\/allcars.fr\/wp-content\/uploads\/2017\/05\/DSC_5904-1024x683-640x480.jpg 400w,https:\/\/allcars.fr\/wp-content\/uploads\/2017\/05\/DSC_5904-1024x683-640x480.jpg 2x\" data-envira-width=\"300\" data-envira-height=\"200\" srcset=\"data:image\/gif;base64,R0lGODlhAQABAIAAAP\/\/\/\/\/\/\/yH5BAEKAAEALAAAAAABAAEAAAICTAEAOw==\" data-safe-src=\"data:image\/gif;base64,R0lGODlhAQABAIAAAP\/\/\/\/\/\/\/yH5BAEKAAEALAAAAAABAAEAAAICTAEAOw==\" \/><\/a><\/div><\/div><div id=\"envira-gallery-item-5198\" class=\"envira-gallery-item enviratope-item envira-gallery-item-3 envira-lazy-load\" style=\"padding-left: 5px; padding-bottom: 10px; padding-right: 5px;\"  itemscope itemtype=\"https:\/\/schema.org\/ImageObject\"><div class=\"envira-gallery-item-inner\"><div class=\"envira-gallery-position-overlay  envira-gallery-top-left\"><\/div><div class=\"envira-gallery-position-overlay  envira-gallery-top-right\"><\/div><div class=\"envira-gallery-position-overlay  envira-gallery-bottom-left\"><\/div><div class=\"envira-gallery-position-overlay  envira-gallery-bottom-right\"><\/div><a href=\"http:\/\/allcars.fr\/wp-content\/uploads\/2017\/05\/DSC_5907.jpg\" class=\"envira-gallery-5195 envira-gallery-link\" rel=\"enviragallery5195\" title=\"DSC_5907\" data-envira-caption=\"DSC_5907\" data-envira-retina=\"\" data-thumbnail=\"\"  itemprop=\"contentUrl\"><img decoding=\"async\" id=\"envira-gallery-image-5198\" class=\"envira-gallery-image envira-gallery-image-3 envira-normal envira-lazy\" data-envira-index=\"3\" src=\"https:\/\/allcars.fr\/wp-content\/uploads\/2017\/05\/DSC_5907-1024x683-640x480.jpg\" data-envira-src=\"https:\/\/allcars.fr\/wp-content\/uploads\/2017\/05\/DSC_5907-1024x683-640x480.jpg\" data-envira-gallery-id=\"5195\" data-envira-item-id=\"5198\" data-envira-caption=\"DSC_5907\" alt=\"\" title=\"DSC_5907\"  itemprop=\"thumbnailUrl\" data-envira-srcset=\"https:\/\/allcars.fr\/wp-content\/uploads\/2017\/05\/DSC_5907-1024x683-640x480.jpg 400w,https:\/\/allcars.fr\/wp-content\/uploads\/2017\/05\/DSC_5907-1024x683-640x480.jpg 2x\" data-envira-width=\"300\" data-envira-height=\"200\" srcset=\"data:image\/gif;base64,R0lGODlhAQABAIAAAP\/\/\/\/\/\/\/yH5BAEKAAEALAAAAAABAAEAAAICTAEAOw==\" data-safe-src=\"data:image\/gif;base64,R0lGODlhAQABAIAAAP\/\/\/\/\/\/\/yH5BAEKAAEALAAAAAABAAEAAAICTAEAOw==\" \/><\/a><\/div><\/div><div id=\"envira-gallery-item-5199\" class=\"envira-gallery-item enviratope-item envira-gallery-item-4 envira-lazy-load\" style=\"padding-left: 5px; padding-bottom: 10px; padding-right: 5px;\"  itemscope itemtype=\"https:\/\/schema.org\/ImageObject\"><div class=\"envira-gallery-item-inner\"><div class=\"envira-gallery-position-overlay  envira-gallery-top-left\"><\/div><div class=\"envira-gallery-position-overlay  envira-gallery-top-right\"><\/div><div class=\"envira-gallery-position-overlay  envira-gallery-bottom-left\"><\/div><div class=\"envira-gallery-position-overlay  envira-gallery-bottom-right\"><\/div><a href=\"http:\/\/allcars.fr\/wp-content\/uploads\/2017\/05\/DSC_5909.jpg\" class=\"envira-gallery-5195 envira-gallery-link\" rel=\"enviragallery5195\" title=\"DSC_5909\" data-envira-caption=\"DSC_5909\" data-envira-retina=\"\" data-thumbnail=\"\"  itemprop=\"contentUrl\"><img decoding=\"async\" id=\"envira-gallery-image-5199\" class=\"envira-gallery-image envira-gallery-image-4 envira-normal envira-lazy\" data-envira-index=\"4\" src=\"https:\/\/allcars.fr\/wp-content\/uploads\/2017\/05\/DSC_5909-683x1024-640x480.jpg\" data-envira-src=\"https:\/\/allcars.fr\/wp-content\/uploads\/2017\/05\/DSC_5909-683x1024-640x480.jpg\" data-envira-gallery-id=\"5195\" data-envira-item-id=\"5199\" data-envira-caption=\"DSC_5909\" alt=\"\" title=\"DSC_5909\"  itemprop=\"thumbnailUrl\" data-envira-srcset=\"https:\/\/allcars.fr\/wp-content\/uploads\/2017\/05\/DSC_5909-683x1024-640x480.jpg 400w,https:\/\/allcars.fr\/wp-content\/uploads\/2017\/05\/DSC_5909-683x1024-640x480.jpg 2x\" data-envira-width=\"200\" data-envira-height=\"300\" srcset=\"data:image\/gif;base64,R0lGODlhAQABAIAAAP\/\/\/\/\/\/\/yH5BAEKAAEALAAAAAABAAEAAAICTAEAOw==\" data-safe-src=\"data:image\/gif;base64,R0lGODlhAQABAIAAAP\/\/\/\/\/\/\/yH5BAEKAAEALAAAAAABAAEAAAICTAEAOw==\" \/><\/a><\/div><\/div><div id=\"envira-gallery-item-5200\" class=\"envira-gallery-item enviratope-item envira-gallery-item-5 envira-lazy-load\" style=\"padding-left: 5px; padding-bottom: 10px; padding-right: 5px;\"  itemscope itemtype=\"https:\/\/schema.org\/ImageObject\"><div class=\"envira-gallery-item-inner\"><div class=\"envira-gallery-position-overlay  envira-gallery-top-left\"><\/div><div class=\"envira-gallery-position-overlay  envira-gallery-top-right\"><\/div><div class=\"envira-gallery-position-overlay  envira-gallery-bottom-left\"><\/div><div class=\"envira-gallery-position-overlay  envira-gallery-bottom-right\"><\/div><a href=\"http:\/\/allcars.fr\/wp-content\/uploads\/2017\/05\/DSC_5913.jpg\" class=\"envira-gallery-5195 envira-gallery-link\" rel=\"enviragallery5195\" title=\"DSC_5913\" data-envira-caption=\"DSC_5913\" data-envira-retina=\"\" data-thumbnail=\"\"  itemprop=\"contentUrl\"><img decoding=\"async\" id=\"envira-gallery-image-5200\" class=\"envira-gallery-image envira-gallery-image-5 envira-normal envira-lazy\" data-envira-index=\"5\" src=\"https:\/\/allcars.fr\/wp-content\/uploads\/2017\/05\/DSC_5913-1024x683-640x480.jpg\" data-envira-src=\"https:\/\/allcars.fr\/wp-content\/uploads\/2017\/05\/DSC_5913-1024x683-640x480.jpg\" data-envira-gallery-id=\"5195\" data-envira-item-id=\"5200\" data-envira-caption=\"DSC_5913\" alt=\"\" title=\"DSC_5913\"  itemprop=\"thumbnailUrl\" data-envira-srcset=\"https:\/\/allcars.fr\/wp-content\/uploads\/2017\/05\/DSC_5913-1024x683-640x480.jpg 400w,https:\/\/allcars.fr\/wp-content\/uploads\/2017\/05\/DSC_5913-1024x683-640x480.jpg 2x\" data-envira-width=\"300\" data-envira-height=\"200\" srcset=\"data:image\/gif;base64,R0lGODlhAQABAIAAAP\/\/\/\/\/\/\/yH5BAEKAAEALAAAAAABAAEAAAICTAEAOw==\" data-safe-src=\"data:image\/gif;base64,R0lGODlhAQABAIAAAP\/\/\/\/\/\/\/yH5BAEKAAEALAAAAAABAAEAAAICTAEAOw==\" \/><\/a><\/div><\/div><div id=\"envira-gallery-item-5201\" class=\"envira-gallery-item enviratope-item envira-gallery-item-6 envira-lazy-load\" style=\"padding-left: 5px; padding-bottom: 10px; padding-right: 5px;\"  itemscope itemtype=\"https:\/\/schema.org\/ImageObject\"><div class=\"envira-gallery-item-inner\"><div class=\"envira-gallery-position-overlay  envira-gallery-top-left\"><\/div><div class=\"envira-gallery-position-overlay  envira-gallery-top-right\"><\/div><div class=\"envira-gallery-position-overlay  envira-gallery-bottom-left\"><\/div><div class=\"envira-gallery-position-overlay  envira-gallery-bottom-right\"><\/div><a href=\"http:\/\/allcars.fr\/wp-content\/uploads\/2017\/05\/DSC_5916.jpg\" class=\"envira-gallery-5195 envira-gallery-link\" rel=\"enviragallery5195\" title=\"DSC_5916\" data-envira-caption=\"DSC_5916\" data-envira-retina=\"\" data-thumbnail=\"\"  itemprop=\"contentUrl\"><img decoding=\"async\" id=\"envira-gallery-image-5201\" class=\"envira-gallery-image envira-gallery-image-6 envira-normal envira-lazy\" data-envira-index=\"6\" src=\"https:\/\/allcars.fr\/wp-content\/uploads\/2017\/05\/DSC_5916-1024x683-640x480.jpg\" data-envira-src=\"https:\/\/allcars.fr\/wp-content\/uploads\/2017\/05\/DSC_5916-1024x683-640x480.jpg\" data-envira-gallery-id=\"5195\" data-envira-item-id=\"5201\" data-envira-caption=\"DSC_5916\" alt=\"\" title=\"DSC_5916\"  itemprop=\"thumbnailUrl\" data-envira-srcset=\"https:\/\/allcars.fr\/wp-content\/uploads\/2017\/05\/DSC_5916-1024x683-640x480.jpg 400w,https:\/\/allcars.fr\/wp-content\/uploads\/2017\/05\/DSC_5916-1024x683-640x480.jpg 2x\" data-envira-width=\"300\" data-envira-height=\"200\" srcset=\"data:image\/gif;base64,R0lGODlhAQABAIAAAP\/\/\/\/\/\/\/yH5BAEKAAEALAAAAAABAAEAAAICTAEAOw==\" data-safe-src=\"data:image\/gif;base64,R0lGODlhAQABAIAAAP\/\/\/\/\/\/\/yH5BAEKAAEALAAAAAABAAEAAAICTAEAOw==\" \/><\/a><\/div><\/div><div id=\"envira-gallery-item-5202\" class=\"envira-gallery-item enviratope-item envira-gallery-item-7 envira-lazy-load\" style=\"padding-left: 5px; padding-bottom: 10px; padding-right: 5px;\"  itemscope itemtype=\"https:\/\/schema.org\/ImageObject\"><div class=\"envira-gallery-item-inner\"><div class=\"envira-gallery-position-overlay  envira-gallery-top-left\"><\/div><div class=\"envira-gallery-position-overlay  envira-gallery-top-right\"><\/div><div class=\"envira-gallery-position-overlay  envira-gallery-bottom-left\"><\/div><div class=\"envira-gallery-position-overlay  envira-gallery-bottom-right\"><\/div><a href=\"http:\/\/allcars.fr\/wp-content\/uploads\/2017\/05\/DSC_5918.jpg\" class=\"envira-gallery-5195 envira-gallery-link\" rel=\"enviragallery5195\" title=\"DSC_5918\" data-envira-caption=\"DSC_5918\" data-envira-retina=\"\" data-thumbnail=\"\"  itemprop=\"contentUrl\"><img decoding=\"async\" id=\"envira-gallery-image-5202\" class=\"envira-gallery-image envira-gallery-image-7 envira-normal envira-lazy\" data-envira-index=\"7\" src=\"https:\/\/allcars.fr\/wp-content\/uploads\/2017\/05\/DSC_5918-683x1024-640x480.jpg\" data-envira-src=\"https:\/\/allcars.fr\/wp-content\/uploads\/2017\/05\/DSC_5918-683x1024-640x480.jpg\" data-envira-gallery-id=\"5195\" data-envira-item-id=\"5202\" data-envira-caption=\"DSC_5918\" alt=\"\" title=\"DSC_5918\"  itemprop=\"thumbnailUrl\" data-envira-srcset=\"https:\/\/allcars.fr\/wp-content\/uploads\/2017\/05\/DSC_5918-683x1024-640x480.jpg 400w,https:\/\/allcars.fr\/wp-content\/uploads\/2017\/05\/DSC_5918-683x1024-640x480.jpg 2x\" data-envira-width=\"200\" data-envira-height=\"300\" srcset=\"data:image\/gif;base64,R0lGODlhAQABAIAAAP\/\/\/\/\/\/\/yH5BAEKAAEALAAAAAABAAEAAAICTAEAOw==\" data-safe-src=\"data:image\/gif;base64,R0lGODlhAQABAIAAAP\/\/\/\/\/\/\/yH5BAEKAAEALAAAAAABAAEAAAICTAEAOw==\" \/><\/a><\/div><\/div><\/div><\/div><noscript><img decoding=\"async\" src=\"https:\/\/allcars.fr\/wp-content\/uploads\/2017\/05\/DSC_5924.jpg\" alt=\"\" \/><img decoding=\"async\" src=\"https:\/\/allcars.fr\/wp-content\/uploads\/2017\/05\/DSC_5904.jpg\" alt=\"\" \/><img decoding=\"async\" src=\"https:\/\/allcars.fr\/wp-content\/uploads\/2017\/05\/DSC_5907.jpg\" alt=\"\" \/><img decoding=\"async\" src=\"https:\/\/allcars.fr\/wp-content\/uploads\/2017\/05\/DSC_5909.jpg\" alt=\"\" \/><img decoding=\"async\" src=\"https:\/\/allcars.fr\/wp-content\/uploads\/2017\/05\/DSC_5913.jpg\" alt=\"\" \/><img decoding=\"async\" src=\"https:\/\/allcars.fr\/wp-content\/uploads\/2017\/05\/DSC_5916.jpg\" alt=\"\" \/><img decoding=\"async\" src=\"https:\/\/allcars.fr\/wp-content\/uploads\/2017\/05\/DSC_5918.jpg\" alt=\"\" \/><\/noscript>\n<p>Constructeur : HARLEY DAVIDSON<br \/>\nBo\u00eete de Vitesse : Manuelle (5 vitesses)<br \/>\nMod\u00e8le : 1 340<br \/>\nCarburant : Essence<br \/>\nType\u00a0 : Moto<br \/>\nCylindr\u00e9e (cm cubes) : 1 340<br \/>\nNombre de portes : \/<br \/>\nDate Contr\u00f4le Technique : \/<br \/>\nKilom\u00e9trage (km \/ mi)\u00a0 : \/<br \/>\nEmplacement Volant : \/<br \/>\nDate v\u00e9hicule : 12\/09\/1992<br \/>\nDocument v\u00e9hicule\u00a0 : Carte grise FR<br \/>\nCouleur carrosserie : Noire<br \/>\nPuissance fiscale : 12<br \/>\nCouleur int\u00e9rieur : \/<br \/>\nPuissance (ch DIN)\u00a0 :<br \/>\nNombre de places : 1<br \/>\nOption(s) :<\/p>\n<p>Cadre rigide (provenance : http:\/\/fenlandchoppers.co.uk\/) \u00e9quip\u00e9 d&rsquo;un moteur EVOLUTION 1 340 HD (origine : FXD DYNA SUPER GLIDE).<br \/>\nRoue AR 60 rayons, 15 pouces, pneu 230.<br \/>\nRoue AV \u00e0 rayons 16 pouces.<br \/>\n\u00c9triers de freins (AV + AR) BILLET refaits \u00e0 neuf en 2015 (joints + pistons).<br \/>\n\u00c9change moteur HD 1340 derni\u00e8re g\u00e9n\u00e9ration 1999 &#8211; 9 000 km (2016).<br \/>\nCompteur motogadget (motoscope mini dans potence).<br \/>\nClignotant motogadget (m.blaze disc).<br \/>\n\u00c9change BV5 r\u00e9vis\u00e9e (origine : HS Softail Classic 1997 &#8211; 11 500 mi).<br \/>\nPlus de renseignement sur demande.<br \/>\nVisible sur Paris, sur rendez-vous.<\/p>\n","protected":false},"excerpt":{"rendered":"<p>Constructeur : HARLEY DAVIDSON Bo\u00eete de Vitesse : Manuelle (5 vitesses) Mod\u00e8le : 1 340 Carburant : Essence Type\u00a0 : Moto Cylindr\u00e9e (cm cubes) : 1 340 Nombre de portes : \/ Date Contr\u00f4le Technique : \/ Kilom\u00e9trage (km \/ mi)\u00a0 : \/ Emplacement Volant : \/ Date v\u00e9hicule : 12\/09\/1992 Document v\u00e9hicule\u00a0 : Carte &#8230; <a title=\"HD Boober 1340 &#8211; 1992 &#8211; [VENDUE]\" class=\"read-more\" href=\"https:\/\/allcars.fr\/?p=5110\" aria-label=\"En savoir plus sur HD Boober 1340 &#8211; 1992 &#8211; [VENDUE]\">Lire la suite<\/a><\/p>\n","protected":false},"author":1,"featured_media":0,"comment_status":"open","ping_status":"open","sticky":false,"template":"","format":"standard","meta":{"_jetpack_memberships_contains_paid_content":false,"footnotes":""},"categories":[13,16],"tags":[],"class_list":["post-5110","post","type-post","status-publish","format-standard","hentry","category-annonces-motos","category-vendus"],"jetpack_featured_media_url":"","jetpack_sharing_enabled":true,"_links":{"self":[{"href":"https:\/\/allcars.fr\/index.php?rest_route=\/wp\/v2\/posts\/5110","targetHints":{"allow":["GET"]}}],"collection":[{"href":"https:\/\/allcars.fr\/index.php?rest_route=\/wp\/v2\/posts"}],"about":[{"href":"https:\/\/allcars.fr\/index.php?rest_route=\/wp\/v2\/types\/post"}],"author":[{"embeddable":true,"href":"https:\/\/allcars.fr\/index.php?rest_route=\/wp\/v2\/users\/1"}],"replies":[{"embeddable":true,"href":"https:\/\/allcars.fr\/index.php?rest_route=%2Fwp%2Fv2%2Fcomments&post=5110"}],"version-history":[{"count":12,"href":"https:\/\/allcars.fr\/index.php?rest_route=\/wp\/v2\/posts\/5110\/revisions"}],"predecessor-version":[{"id":5479,"href":"https:\/\/allcars.fr\/index.php?rest_route=\/wp\/v2\/posts\/5110\/revisions\/5479"}],"wp:attachment":[{"href":"https:\/\/allcars.fr\/index.php?rest_route=%2Fwp%2Fv2%2Fmedia&parent=5110"}],"wp:term":[{"taxonomy":"category","embeddable":true,"href":"https:\/\/allcars.fr\/index.php?rest_route=%2Fwp%2Fv2%2Fcategories&post=5110"},{"taxonomy":"post_tag","embeddable":true,"href":"https:\/\/allcars.fr\/index.php?rest_route=%2Fwp%2Fv2%2Ftags&post=5110"}],"curies":[{"name":"wp","href":"https:\/\/api.w.org\/{rel}","templated":true}]}}