{"id":4931,"date":"2013-07-15T17:05:26","date_gmt":"2013-07-15T15:05:26","guid":{"rendered":"http:\/\/allcars.fr\/?p=4931"},"modified":"2023-05-31T17:49:21","modified_gmt":"2023-05-31T15:49:21","slug":"ducati-851-s3-1993-a-vendre","status":"publish","type":"post","link":"https:\/\/allcars.fr\/?p=4931","title":{"rendered":"Ducati 851 S3 &#8211; 1993 &#8211; [VENDUE]"},"content":{"rendered":"<div id='gallery-1' class='gallery galleryid-4931 gallery-columns-3 gallery-size-thumbnail'><figure class='gallery-item'>\n\t\t\t<div class='gallery-icon landscape'>\n\t\t\t\t<a href='https:\/\/allcars.fr\/?attachment_id=4816'><img loading=\"lazy\" decoding=\"async\" width=\"150\" height=\"150\" src=\"https:\/\/allcars.fr\/wp-content\/uploads\/2013\/07\/IMG_1217-150x150.jpg\" class=\"attachment-thumbnail size-thumbnail\" alt=\"\" \/><\/a>\n\t\t\t<\/div><\/figure><figure class='gallery-item'>\n\t\t\t<div class='gallery-icon landscape'>\n\t\t\t\t<a href='https:\/\/allcars.fr\/?attachment_id=4815'><img loading=\"lazy\" decoding=\"async\" width=\"150\" height=\"150\" src=\"https:\/\/allcars.fr\/wp-content\/uploads\/2013\/07\/IMG_1220-150x150.jpg\" class=\"attachment-thumbnail size-thumbnail\" alt=\"\" \/><\/a>\n\t\t\t<\/div><\/figure><figure class='gallery-item'>\n\t\t\t<div class='gallery-icon landscape'>\n\t\t\t\t<a href='https:\/\/allcars.fr\/?attachment_id=4814'><img loading=\"lazy\" decoding=\"async\" width=\"150\" height=\"150\" src=\"https:\/\/allcars.fr\/wp-content\/uploads\/2013\/07\/IMG_1219-150x150.jpg\" class=\"attachment-thumbnail size-thumbnail\" alt=\"\" \/><\/a>\n\t\t\t<\/div><\/figure><figure class='gallery-item'>\n\t\t\t<div class='gallery-icon landscape'>\n\t\t\t\t<a href='https:\/\/allcars.fr\/?attachment_id=4813'><img loading=\"lazy\" decoding=\"async\" width=\"150\" height=\"150\" src=\"https:\/\/allcars.fr\/wp-content\/uploads\/2013\/07\/IMG_1218-150x150.jpg\" class=\"attachment-thumbnail size-thumbnail\" alt=\"\" \/><\/a>\n\t\t\t<\/div><\/figure><figure class='gallery-item'>\n\t\t\t<div class='gallery-icon landscape'>\n\t\t\t\t<a href='https:\/\/allcars.fr\/?attachment_id=4811'><img loading=\"lazy\" decoding=\"async\" width=\"150\" height=\"150\" src=\"https:\/\/allcars.fr\/wp-content\/uploads\/2013\/07\/IMG_1216-150x150.jpg\" class=\"attachment-thumbnail size-thumbnail\" alt=\"\" \/><\/a>\n\t\t\t<\/div><\/figure><figure class='gallery-item'>\n\t\t\t<div class='gallery-icon landscape'>\n\t\t\t\t<a href='https:\/\/allcars.fr\/?attachment_id=4810'><img loading=\"lazy\" decoding=\"async\" width=\"150\" height=\"150\" src=\"https:\/\/allcars.fr\/wp-content\/uploads\/2013\/07\/IMG_1215-150x150.jpg\" class=\"attachment-thumbnail size-thumbnail\" alt=\"\" \/><\/a>\n\t\t\t<\/div><\/figure>\n\t\t<\/div>\n\n<p><img decoding=\"async\" title=\"gallery ids=&quot;4816,4815,4810,4811,4813,4814&quot;\" src=\"http:\/\/allcars.fr\/wp-includes\/js\/tinymce\/plugins\/wpgallery\/img\/t.gif\" alt=\"\" \/><\/p>\n<p>Constructeur : Ducati<br \/>\nBo\u00eete de Vitesse : Manuelle (6 vitesses)<br \/>\nMod\u00e8le : 851 S3<br \/>\nCarburant : Essence<br \/>\nType\u00a0 : Moto<br \/>\nCylindr\u00e9e (cm cubes) : 851<br \/>\nNombre de portes : \/<br \/>\nDate Contr\u00f4le Technique : \/<br \/>\nKilom\u00e9trage (km \/ mi)\u00a0 : 31 000 km<br \/>\nEmplacement Volant : \/<br \/>\nDate v\u00e9hicule : 02\/04\/1993<br \/>\nDocument v\u00e9hicule\u00a0 : CG fr<br \/>\nCouleur carrosserie : Rouge<br \/>\nPuissance fiscale : 8<br \/>\nCouleur int\u00e9rieur : \/<br \/>\nPuissance (ch DIN)\u00a0 :<br \/>\nNombre de places : 2<br \/>\nOption(s) :<\/p>\n<p>Moto Ducati 851 S3 Biposto de 1993.<br \/>\nCette moto a \u00e9t\u00e9 import\u00e9e par son pr\u00e9c\u00e9dent propri\u00e9taire d\u2019Allemagne.<br \/>\nUne r\u00e9vision g\u00e9n\u00e9rale a \u00e9t\u00e9 faite par YE MOTORI (Paris 18\u00e8me) en avril 2013.<br \/>\nLe v\u00e9hicule est d\u2019origine, \u00e0 l\u2019exception des pots (TERMIGNONI) et de l\u2019embrayage (Sport avec carter ajour\u00e9).<br \/>\nLes pneus sont comme neuf (Dragon Supercorsa \u2013 Pirelli).<br \/>\nCette moto a \u00e9t\u00e9 trait\u00e9e dans le respect de la belle m\u00e9canique dont elle est constitu\u00e9e.<br \/>\nN\u2019\u00e9tant pas \u00ab\u00a0Ducati addicted\u00a0\u00bb, mais simplement curieux, cette moto a \u00e9t\u00e9 remplac\u00e9e par une nouvelle \u00ab\u00a0curiosit\u00e9 \u00e0 deux roues\u00a0\u00bb.<br \/>\nPlus de renseignement sur demande.<br \/>\nVisible sur Paris, sur rendez-vous.<\/p>\n","protected":false},"excerpt":{"rendered":"<p>Constructeur : Ducati Bo\u00eete de Vitesse : Manuelle (6 vitesses) Mod\u00e8le : 851 S3 Carburant : Essence Type\u00a0 : Moto Cylindr\u00e9e (cm cubes) : 851 Nombre de portes : \/ Date Contr\u00f4le Technique : \/ Kilom\u00e9trage (km \/ mi)\u00a0 : 31 000 km Emplacement Volant : \/ Date v\u00e9hicule : 02\/04\/1993 Document v\u00e9hicule\u00a0 : CG &#8230; <a title=\"Ducati 851 S3 &#8211; 1993 &#8211; [VENDUE]\" class=\"read-more\" href=\"https:\/\/allcars.fr\/?p=4931\" aria-label=\"En savoir plus sur Ducati 851 S3 &#8211; 1993 &#8211; [VENDUE]\">Lire la suite<\/a><\/p>\n","protected":false},"author":1,"featured_media":0,"comment_status":"open","ping_status":"open","sticky":false,"template":"","format":"standard","meta":{"_jetpack_memberships_contains_paid_content":false,"footnotes":""},"categories":[13,16],"tags":[],"class_list":["post-4931","post","type-post","status-publish","format-standard","hentry","category-annonces-motos","category-vendus"],"jetpack_featured_media_url":"","jetpack_sharing_enabled":true,"_links":{"self":[{"href":"https:\/\/allcars.fr\/index.php?rest_route=\/wp\/v2\/posts\/4931","targetHints":{"allow":["GET"]}}],"collection":[{"href":"https:\/\/allcars.fr\/index.php?rest_route=\/wp\/v2\/posts"}],"about":[{"href":"https:\/\/allcars.fr\/index.php?rest_route=\/wp\/v2\/types\/post"}],"author":[{"embeddable":true,"href":"https:\/\/allcars.fr\/index.php?rest_route=\/wp\/v2\/users\/1"}],"replies":[{"embeddable":true,"href":"https:\/\/allcars.fr\/index.php?rest_route=%2Fwp%2Fv2%2Fcomments&post=4931"}],"version-history":[{"count":7,"href":"https:\/\/allcars.fr\/index.php?rest_route=\/wp\/v2\/posts\/4931\/revisions"}],"predecessor-version":[{"id":5480,"href":"https:\/\/allcars.fr\/index.php?rest_route=\/wp\/v2\/posts\/4931\/revisions\/5480"}],"wp:attachment":[{"href":"https:\/\/allcars.fr\/index.php?rest_route=%2Fwp%2Fv2%2Fmedia&parent=4931"}],"wp:term":[{"taxonomy":"category","embeddable":true,"href":"https:\/\/allcars.fr\/index.php?rest_route=%2Fwp%2Fv2%2Fcategories&post=4931"},{"taxonomy":"post_tag","embeddable":true,"href":"https:\/\/allcars.fr\/index.php?rest_route=%2Fwp%2Fv2%2Ftags&post=4931"}],"curies":[{"name":"wp","href":"https:\/\/api.w.org\/{rel}","templated":true}]}}